{"id":3221,"date":"2021-11-29T19:01:54","date_gmt":"2021-11-29T19:01:54","guid":{"rendered":"https:\/\/www.esg.cat\/?p=3221"},"modified":"2023-03-29T14:32:30","modified_gmt":"2023-03-29T14:32:30","slug":"ampliacio-del-sistema-de-videovigilancia","status":"publish","type":"post","link":"https:\/\/www.esg.cat\/index.php\/2021\/11\/29\/ampliacio-del-sistema-de-videovigilancia\/","title":{"rendered":"Ampliaci\u00f3 del sistema de videovigil\u00e0ncia"},"content":{"rendered":"\n<style type=\"text\/css\" data-created_by=\"avia_inline_auto\" id=\"style-css-av-av_one_fourth-15d750bd1b332b34c6e70b077ebbccdf\">\n.flex_column.av-av_one_fourth-15d750bd1b332b34c6e70b077ebbccdf{\nborder-radius:0px 0px 0px 0px;\npadding:0px 0px 0px 0px;\n}\n<\/style>\n<div  class='flex_column av-av_one_fourth-15d750bd1b332b34c6e70b077ebbccdf av_one_fourth  avia-builder-el-0  el_before_av_one_half  avia-builder-el-first  first flex_column_div av-zero-column-padding  '     ><\/div>\n\n<style type=\"text\/css\" data-created_by=\"avia_inline_auto\" id=\"style-css-av-av_one_half-c8fc129dc35fd1ae2a1e410224d39ea8\">\n.flex_column.av-av_one_half-c8fc129dc35fd1ae2a1e410224d39ea8{\nborder-radius:0px 0px 0px 0px;\npadding:0px 0px 0px 0px;\n}\n<\/style>\n<div  class='flex_column av-av_one_half-c8fc129dc35fd1ae2a1e410224d39ea8 av_one_half  avia-builder-el-1  el_after_av_one_fourth  el_before_av_one_fourth  flex_column_div av-zero-column-padding  '     ><section  class='av_textblock_section av-av_textblock-2bd894dbf2e4bf2c4acf98ce4fbf94aa '  ><div class='avia_textblock' ><h1 style=\"text-align: center;\"><span class=\"s1\">Ampliaci\u00f3 de sistema de videovigil\u00e0ncia<\/span><\/h1>\n<p style=\"text-align: center;\"><span class=\"s1\"><br \/>\nAmpliaci\u00f3 del sistema de videovigil\u00e0ncia amb 3 c\u00e0meres IP de\u00a02MP\u00a0d@hua\u00a0a les instal\u00b7lacions de la policia local de Parets.<\/span><\/p>\n<\/div><\/section><\/div>\n\n<style type=\"text\/css\" data-created_by=\"avia_inline_auto\" id=\"style-css-av-av_one_fourth-c8fc129dc35fd1ae2a1e410224d39ea8\">\n.flex_column.av-av_one_fourth-c8fc129dc35fd1ae2a1e410224d39ea8{\nborder-radius:0px 0px 0px 0px;\npadding:0px 0px 0px 0px;\n}\n<\/style>\n<div  class='flex_column av-av_one_fourth-c8fc129dc35fd1ae2a1e410224d39ea8 av_one_fourth  avia-builder-el-3  el_after_av_one_half  el_before_av_one_full  flex_column_div av-zero-column-padding  '     ><\/div>\n\n<style type=\"text\/css\" data-created_by=\"avia_inline_auto\" id=\"style-css-av-av_one_full-15d750bd1b332b34c6e70b077ebbccdf\">\n.flex_column.av-av_one_full-15d750bd1b332b34c6e70b077ebbccdf{\nborder-radius:0px 0px 0px 0px;\npadding:0px 0px 0px 0px;\n}\n<\/style>\n<div  class='flex_column av-av_one_full-15d750bd1b332b34c6e70b077ebbccdf av_one_full  avia-builder-el-4  el_after_av_one_fourth  avia-builder-el-last  first flex_column_div av-zero-column-padding  column-top-margin'     ><div id='av-masonry-1' class='av-masonry av-av_masonry_gallery-f3421601e1be0715cb63747ef5df9fdb noHover av-flex-size av-large-gap av-hover-overlay- av-masonry-animation-active av-masonry-col-2 av-caption-always av-caption-style- av-masonry-gallery ' data-post_id=\"3221\"><div class=\"av-masonry-container isotope av-js-disabled\"><div class='av-masonry-entry isotope-item av-masonry-item-no-image '><\/div><div id='av-masonry-1-item-3225' data-av-masonry-item='3225' class='av-masonry-entry isotope-item post-3225 attachment type-attachment status-inherit hentry  av-masonry-item-with-image'   ><div class='av-inner-masonry-sizer'><\/div><figure class='av-inner-masonry main_color'><div class=\"av-masonry-outerimage-container\"><div class='av-masonry-image-container'  ><img decoding=\"async\" width=\"705\" height=\"705\" fetchpriority=\"high\" class=\"wp-image-3225 avia-img-lazy-loading-not-3225\"  src=\"https:\/\/www.esg.cat\/wp-content\/uploads\/2021\/11\/ima-004-CAMP-003-21-ESG-705x705.jpg\" title=\"ima-004-CAMP-003-21-ESG\" alt=\"\" srcset=\"https:\/\/www.esg.cat\/wp-content\/uploads\/2021\/11\/ima-004-CAMP-003-21-ESG-705x705.jpg 705w, https:\/\/www.esg.cat\/wp-content\/uploads\/2021\/11\/ima-004-CAMP-003-21-ESG-300x300.jpg 300w, https:\/\/www.esg.cat\/wp-content\/uploads\/2021\/11\/ima-004-CAMP-003-21-ESG-80x80.jpg 80w, https:\/\/www.esg.cat\/wp-content\/uploads\/2021\/11\/ima-004-CAMP-003-21-ESG-768x768.jpg 768w, https:\/\/www.esg.cat\/wp-content\/uploads\/2021\/11\/ima-004-CAMP-003-21-ESG-36x36.jpg 36w, https:\/\/www.esg.cat\/wp-content\/uploads\/2021\/11\/ima-004-CAMP-003-21-ESG-180x180.jpg 180w, https:\/\/www.esg.cat\/wp-content\/uploads\/2021\/11\/ima-004-CAMP-003-21-ESG-120x120.jpg 120w, https:\/\/www.esg.cat\/wp-content\/uploads\/2021\/11\/ima-004-CAMP-003-21-ESG-450x450.jpg 450w, https:\/\/www.esg.cat\/wp-content\/uploads\/2021\/11\/ima-004-CAMP-003-21-ESG.jpg 1000w\" sizes=\"(max-width: 705px) 100vw, 705px\" \/><\/div><\/div><\/figure><\/div><!--end av-masonry entry--><div id='av-masonry-1-item-3224' data-av-masonry-item='3224' class='av-masonry-entry isotope-item post-3224 attachment type-attachment status-inherit hentry  av-masonry-item-with-image'   ><div class='av-inner-masonry-sizer'><\/div><figure class='av-inner-masonry main_color'><div class=\"av-masonry-outerimage-container\"><div class='av-masonry-image-container'  ><img decoding=\"async\" width=\"705\" height=\"705\" fetchpriority=\"high\" class=\"wp-image-3224 avia-img-lazy-loading-not-3224\"  src=\"https:\/\/www.esg.cat\/wp-content\/uploads\/2021\/11\/ima-003-CAMP-003-21-ESG-705x705.jpg\" title=\"ima-003-CAMP-003-21-ESG\" alt=\"\" srcset=\"https:\/\/www.esg.cat\/wp-content\/uploads\/2021\/11\/ima-003-CAMP-003-21-ESG-705x705.jpg 705w, https:\/\/www.esg.cat\/wp-content\/uploads\/2021\/11\/ima-003-CAMP-003-21-ESG-300x300.jpg 300w, https:\/\/www.esg.cat\/wp-content\/uploads\/2021\/11\/ima-003-CAMP-003-21-ESG-80x80.jpg 80w, https:\/\/www.esg.cat\/wp-content\/uploads\/2021\/11\/ima-003-CAMP-003-21-ESG-768x768.jpg 768w, https:\/\/www.esg.cat\/wp-content\/uploads\/2021\/11\/ima-003-CAMP-003-21-ESG-36x36.jpg 36w, https:\/\/www.esg.cat\/wp-content\/uploads\/2021\/11\/ima-003-CAMP-003-21-ESG-180x180.jpg 180w, https:\/\/www.esg.cat\/wp-content\/uploads\/2021\/11\/ima-003-CAMP-003-21-ESG-120x120.jpg 120w, https:\/\/www.esg.cat\/wp-content\/uploads\/2021\/11\/ima-003-CAMP-003-21-ESG-450x450.jpg 450w, https:\/\/www.esg.cat\/wp-content\/uploads\/2021\/11\/ima-003-CAMP-003-21-ESG.jpg 1000w\" sizes=\"(max-width: 705px) 100vw, 705px\" \/><\/div><\/div><\/figure><\/div><!--end av-masonry entry--><div id='av-masonry-1-item-3223' data-av-masonry-item='3223' class='av-masonry-entry isotope-item post-3223 attachment type-attachment status-inherit hentry  av-masonry-item-with-image'   ><div class='av-inner-masonry-sizer'><\/div><figure class='av-inner-masonry main_color'><div class=\"av-masonry-outerimage-container\"><div class='av-masonry-image-container'  ><img decoding=\"async\" width=\"705\" height=\"705\" fetchpriority=\"high\" class=\"wp-image-3223 avia-img-lazy-loading-not-3223\"  src=\"https:\/\/www.esg.cat\/wp-content\/uploads\/2021\/11\/ima-002-CAMP-003-21-ESG-705x705.jpg\" title=\"ima-002-CAMP-003-21-ESG\" alt=\"\" srcset=\"https:\/\/www.esg.cat\/wp-content\/uploads\/2021\/11\/ima-002-CAMP-003-21-ESG-705x705.jpg 705w, https:\/\/www.esg.cat\/wp-content\/uploads\/2021\/11\/ima-002-CAMP-003-21-ESG-300x300.jpg 300w, https:\/\/www.esg.cat\/wp-content\/uploads\/2021\/11\/ima-002-CAMP-003-21-ESG-80x80.jpg 80w, https:\/\/www.esg.cat\/wp-content\/uploads\/2021\/11\/ima-002-CAMP-003-21-ESG-768x768.jpg 768w, https:\/\/www.esg.cat\/wp-content\/uploads\/2021\/11\/ima-002-CAMP-003-21-ESG-36x36.jpg 36w, https:\/\/www.esg.cat\/wp-content\/uploads\/2021\/11\/ima-002-CAMP-003-21-ESG-180x180.jpg 180w, https:\/\/www.esg.cat\/wp-content\/uploads\/2021\/11\/ima-002-CAMP-003-21-ESG-120x120.jpg 120w, https:\/\/www.esg.cat\/wp-content\/uploads\/2021\/11\/ima-002-CAMP-003-21-ESG-450x450.jpg 450w, https:\/\/www.esg.cat\/wp-content\/uploads\/2021\/11\/ima-002-CAMP-003-21-ESG.jpg 1000w\" sizes=\"(max-width: 705px) 100vw, 705px\" \/><\/div><\/div><\/figure><\/div><!--end av-masonry entry--><div id='av-masonry-1-item-3222' data-av-masonry-item='3222' class='av-masonry-entry isotope-item post-3222 attachment type-attachment status-inherit hentry  av-masonry-item-with-image'   ><div class='av-inner-masonry-sizer'><\/div><figure class='av-inner-masonry main_color'><div class=\"av-masonry-outerimage-container\"><div class='av-masonry-image-container'  ><img decoding=\"async\" width=\"705\" height=\"705\" fetchpriority=\"high\" class=\"wp-image-3222 avia-img-lazy-loading-not-3222\"  src=\"https:\/\/www.esg.cat\/wp-content\/uploads\/2021\/11\/ima-001-CAMP-003-21-ESG-705x705.jpg\" title=\"ima-001-CAMP-003-21-ESG\" alt=\"\" srcset=\"https:\/\/www.esg.cat\/wp-content\/uploads\/2021\/11\/ima-001-CAMP-003-21-ESG-705x705.jpg 705w, https:\/\/www.esg.cat\/wp-content\/uploads\/2021\/11\/ima-001-CAMP-003-21-ESG-300x300.jpg 300w, https:\/\/www.esg.cat\/wp-content\/uploads\/2021\/11\/ima-001-CAMP-003-21-ESG-80x80.jpg 80w, https:\/\/www.esg.cat\/wp-content\/uploads\/2021\/11\/ima-001-CAMP-003-21-ESG-768x768.jpg 768w, https:\/\/www.esg.cat\/wp-content\/uploads\/2021\/11\/ima-001-CAMP-003-21-ESG-36x36.jpg 36w, https:\/\/www.esg.cat\/wp-content\/uploads\/2021\/11\/ima-001-CAMP-003-21-ESG-180x180.jpg 180w, https:\/\/www.esg.cat\/wp-content\/uploads\/2021\/11\/ima-001-CAMP-003-21-ESG-120x120.jpg 120w, https:\/\/www.esg.cat\/wp-content\/uploads\/2021\/11\/ima-001-CAMP-003-21-ESG-450x450.jpg 450w, https:\/\/www.esg.cat\/wp-content\/uploads\/2021\/11\/ima-001-CAMP-003-21-ESG.jpg 1000w\" sizes=\"(max-width: 705px) 100vw, 705px\" \/><\/div><\/div><\/figure><\/div><!--end av-masonry entry--><\/div><\/div><\/div>\n","protected":false},"excerpt":{"rendered":"","protected":false},"author":1,"featured_media":3222,"comment_status":"closed","ping_status":"open","sticky":false,"template":"","format":"standard","meta":{"footnotes":""},"categories":[35],"tags":[36,37],"class_list":["post-3221","post","type-post","status-publish","format-standard","has-post-thumbnail","hentry","category-videovigilancia","tag-cameres-ip","tag-dahua"],"yoast_head":"<!-- This site is optimized with the Yoast SEO plugin v26.0 - https:\/\/yoast.com\/wordpress\/plugins\/seo\/ -->\n<title>Ampliaci\u00f3 del sistema de videovigil\u00e0ncia - Electro Servei Grup<\/title>\n<meta name=\"description\" content=\"Aquest \u00e9s el sistema de videovigil\u00e0ncia que hem instal\u00b7lat al nou Espai d&#039;Art de Llinars del Vall\u00e8s, un edifici municipal que recentment s&#039;ha rehabilitat com a equipament cultural.Ampliaci\u00f3 del sistema de videovigil\u00e0ncia amb 3 c\u00e0meres IP de\u00a02MP\u00a0d@hua\u00a0a les instal\u00b7lacions de la policia local de Parets.\" \/>\n<meta name=\"robots\" content=\"index, follow, max-snippet:-1, max-image-preview:large, max-video-preview:-1\" \/>\n<link rel=\"canonical\" href=\"https:\/\/www.esg.cat\/index.php\/2021\/11\/29\/ampliacio-del-sistema-de-videovigilancia\/\" \/>\n<meta property=\"og:locale\" content=\"ca_ES\" \/>\n<meta property=\"og:type\" content=\"article\" \/>\n<meta property=\"og:title\" content=\"Ampliaci\u00f3 del sistema de videovigil\u00e0ncia - Electro Servei Grup\" \/>\n<meta property=\"og:description\" content=\"Aquest \u00e9s el sistema de videovigil\u00e0ncia que hem instal\u00b7lat al nou Espai d&#039;Art de Llinars del Vall\u00e8s, un edifici municipal que recentment s&#039;ha rehabilitat com a equipament cultural.Ampliaci\u00f3 del sistema de videovigil\u00e0ncia amb 3 c\u00e0meres IP de\u00a02MP\u00a0d@hua\u00a0a les instal\u00b7lacions de la policia local de Parets.\" \/>\n<meta property=\"og:url\" content=\"https:\/\/www.esg.cat\/index.php\/2021\/11\/29\/ampliacio-del-sistema-de-videovigilancia\/\" \/>\n<meta property=\"og:site_name\" content=\"Electro Servei Grup\" \/>\n<meta property=\"article:publisher\" content=\"https:\/\/www.facebook.com\/electroserveigrup\" \/>\n<meta property=\"article:published_time\" content=\"2021-11-29T19:01:54+00:00\" \/>\n<meta property=\"article:modified_time\" content=\"2023-03-29T14:32:30+00:00\" \/>\n<meta property=\"og:image\" content=\"https:\/\/www.esg.cat\/wp-content\/uploads\/2021\/11\/ima-001-CAMP-003-21-ESG.jpg\" \/>\n\t<meta property=\"og:image:width\" content=\"1000\" \/>\n\t<meta property=\"og:image:height\" content=\"1000\" \/>\n\t<meta property=\"og:image:type\" content=\"image\/jpeg\" \/>\n<meta name=\"author\" content=\"admin\" \/>\n<meta name=\"twitter:card\" content=\"summary_large_image\" \/>\n<meta name=\"twitter:creator\" content=\"@ElectroServeiGr\" \/>\n<meta name=\"twitter:site\" content=\"@ElectroServeiGr\" \/>\n<meta name=\"twitter:label1\" content=\"Escrit per\" \/>\n\t<meta name=\"twitter:data1\" content=\"admin\" \/>\n\t<meta name=\"twitter:label2\" content=\"Temps estimat de lectura\" \/>\n\t<meta name=\"twitter:data2\" content=\"1 minut\" \/>\n<script type=\"application\/ld+json\" class=\"yoast-schema-graph\">{\"@context\":\"https:\/\/schema.org\",\"@graph\":[{\"@type\":\"WebPage\",\"@id\":\"https:\/\/www.esg.cat\/index.php\/2021\/11\/29\/ampliacio-del-sistema-de-videovigilancia\/\",\"url\":\"https:\/\/www.esg.cat\/index.php\/2021\/11\/29\/ampliacio-del-sistema-de-videovigilancia\/\",\"name\":\"Ampliaci\u00f3 del sistema de videovigil\u00e0ncia - Electro Servei Grup\",\"isPartOf\":{\"@id\":\"https:\/\/www.esg.cat\/#website\"},\"primaryImageOfPage\":{\"@id\":\"https:\/\/www.esg.cat\/index.php\/2021\/11\/29\/ampliacio-del-sistema-de-videovigilancia\/#primaryimage\"},\"image\":{\"@id\":\"https:\/\/www.esg.cat\/index.php\/2021\/11\/29\/ampliacio-del-sistema-de-videovigilancia\/#primaryimage\"},\"thumbnailUrl\":\"https:\/\/www.esg.cat\/wp-content\/uploads\/2021\/11\/ima-001-CAMP-003-21-ESG.jpg\",\"datePublished\":\"2021-11-29T19:01:54+00:00\",\"dateModified\":\"2023-03-29T14:32:30+00:00\",\"author\":{\"@id\":\"https:\/\/www.esg.cat\/#\/schema\/person\/3e03cfe51bdc3d053ce40f8da1143db8\"},\"description\":\"Aquest \u00e9s el sistema de videovigil\u00e0ncia que hem instal\u00b7lat al nou Espai d'Art de Llinars del Vall\u00e8s, un edifici municipal que recentment s'ha rehabilitat com a equipament cultural.Ampliaci\u00f3 del sistema de videovigil\u00e0ncia amb 3 c\u00e0meres IP de\u00a02MP\u00a0d@hua\u00a0a les instal\u00b7lacions de la policia local de Parets.\",\"breadcrumb\":{\"@id\":\"https:\/\/www.esg.cat\/index.php\/2021\/11\/29\/ampliacio-del-sistema-de-videovigilancia\/#breadcrumb\"},\"inLanguage\":\"ca\",\"potentialAction\":[{\"@type\":\"ReadAction\",\"target\":[\"https:\/\/www.esg.cat\/index.php\/2021\/11\/29\/ampliacio-del-sistema-de-videovigilancia\/\"]}]},{\"@type\":\"ImageObject\",\"inLanguage\":\"ca\",\"@id\":\"https:\/\/www.esg.cat\/index.php\/2021\/11\/29\/ampliacio-del-sistema-de-videovigilancia\/#primaryimage\",\"url\":\"https:\/\/www.esg.cat\/wp-content\/uploads\/2021\/11\/ima-001-CAMP-003-21-ESG.jpg\",\"contentUrl\":\"https:\/\/www.esg.cat\/wp-content\/uploads\/2021\/11\/ima-001-CAMP-003-21-ESG.jpg\",\"width\":1000,\"height\":1000},{\"@type\":\"BreadcrumbList\",\"@id\":\"https:\/\/www.esg.cat\/index.php\/2021\/11\/29\/ampliacio-del-sistema-de-videovigilancia\/#breadcrumb\",\"itemListElement\":[{\"@type\":\"ListItem\",\"position\":1,\"name\":\"Inici\",\"item\":\"https:\/\/www.esg.cat\/\"},{\"@type\":\"ListItem\",\"position\":2,\"name\":\"Ampliaci\u00f3 del sistema de videovigil\u00e0ncia\"}]},{\"@type\":\"WebSite\",\"@id\":\"https:\/\/www.esg.cat\/#website\",\"url\":\"https:\/\/www.esg.cat\/\",\"name\":\"Electro Servei Grup\",\"description\":\"Telecomunicacions, seguretat, imatge i so i accessoris\",\"potentialAction\":[{\"@type\":\"SearchAction\",\"target\":{\"@type\":\"EntryPoint\",\"urlTemplate\":\"https:\/\/www.esg.cat\/?s={search_term_string}\"},\"query-input\":{\"@type\":\"PropertyValueSpecification\",\"valueRequired\":true,\"valueName\":\"search_term_string\"}}],\"inLanguage\":\"ca\"},{\"@type\":\"Person\",\"@id\":\"https:\/\/www.esg.cat\/#\/schema\/person\/3e03cfe51bdc3d053ce40f8da1143db8\",\"name\":\"admin\"}]}<\/script>\n<!-- \/ Yoast SEO plugin. -->","yoast_head_json":{"title":"Ampliaci\u00f3 del sistema de videovigil\u00e0ncia - Electro Servei Grup","description":"Aquest \u00e9s el sistema de videovigil\u00e0ncia que hem instal\u00b7lat al nou Espai d'Art de Llinars del Vall\u00e8s, un edifici municipal que recentment s'ha rehabilitat com a equipament cultural.Ampliaci\u00f3 del sistema de videovigil\u00e0ncia amb 3 c\u00e0meres IP de\u00a02MP\u00a0d@hua\u00a0a les instal\u00b7lacions de la policia local de Parets.","robots":{"index":"index","follow":"follow","max-snippet":"max-snippet:-1","max-image-preview":"max-image-preview:large","max-video-preview":"max-video-preview:-1"},"canonical":"https:\/\/www.esg.cat\/index.php\/2021\/11\/29\/ampliacio-del-sistema-de-videovigilancia\/","og_locale":"ca_ES","og_type":"article","og_title":"Ampliaci\u00f3 del sistema de videovigil\u00e0ncia - Electro Servei Grup","og_description":"Aquest \u00e9s el sistema de videovigil\u00e0ncia que hem instal\u00b7lat al nou Espai d'Art de Llinars del Vall\u00e8s, un edifici municipal que recentment s'ha rehabilitat com a equipament cultural.Ampliaci\u00f3 del sistema de videovigil\u00e0ncia amb 3 c\u00e0meres IP de\u00a02MP\u00a0d@hua\u00a0a les instal\u00b7lacions de la policia local de Parets.","og_url":"https:\/\/www.esg.cat\/index.php\/2021\/11\/29\/ampliacio-del-sistema-de-videovigilancia\/","og_site_name":"Electro Servei Grup","article_publisher":"https:\/\/www.facebook.com\/electroserveigrup","article_published_time":"2021-11-29T19:01:54+00:00","article_modified_time":"2023-03-29T14:32:30+00:00","og_image":[{"width":1000,"height":1000,"url":"https:\/\/www.esg.cat\/wp-content\/uploads\/2021\/11\/ima-001-CAMP-003-21-ESG.jpg","type":"image\/jpeg"}],"author":"admin","twitter_card":"summary_large_image","twitter_creator":"@ElectroServeiGr","twitter_site":"@ElectroServeiGr","twitter_misc":{"Escrit per":"admin","Temps estimat de lectura":"1 minut"},"schema":{"@context":"https:\/\/schema.org","@graph":[{"@type":"WebPage","@id":"https:\/\/www.esg.cat\/index.php\/2021\/11\/29\/ampliacio-del-sistema-de-videovigilancia\/","url":"https:\/\/www.esg.cat\/index.php\/2021\/11\/29\/ampliacio-del-sistema-de-videovigilancia\/","name":"Ampliaci\u00f3 del sistema de videovigil\u00e0ncia - Electro Servei Grup","isPartOf":{"@id":"https:\/\/www.esg.cat\/#website"},"primaryImageOfPage":{"@id":"https:\/\/www.esg.cat\/index.php\/2021\/11\/29\/ampliacio-del-sistema-de-videovigilancia\/#primaryimage"},"image":{"@id":"https:\/\/www.esg.cat\/index.php\/2021\/11\/29\/ampliacio-del-sistema-de-videovigilancia\/#primaryimage"},"thumbnailUrl":"https:\/\/www.esg.cat\/wp-content\/uploads\/2021\/11\/ima-001-CAMP-003-21-ESG.jpg","datePublished":"2021-11-29T19:01:54+00:00","dateModified":"2023-03-29T14:32:30+00:00","author":{"@id":"https:\/\/www.esg.cat\/#\/schema\/person\/3e03cfe51bdc3d053ce40f8da1143db8"},"description":"Aquest \u00e9s el sistema de videovigil\u00e0ncia que hem instal\u00b7lat al nou Espai d'Art de Llinars del Vall\u00e8s, un edifici municipal que recentment s'ha rehabilitat com a equipament cultural.Ampliaci\u00f3 del sistema de videovigil\u00e0ncia amb 3 c\u00e0meres IP de\u00a02MP\u00a0d@hua\u00a0a les instal\u00b7lacions de la policia local de Parets.","breadcrumb":{"@id":"https:\/\/www.esg.cat\/index.php\/2021\/11\/29\/ampliacio-del-sistema-de-videovigilancia\/#breadcrumb"},"inLanguage":"ca","potentialAction":[{"@type":"ReadAction","target":["https:\/\/www.esg.cat\/index.php\/2021\/11\/29\/ampliacio-del-sistema-de-videovigilancia\/"]}]},{"@type":"ImageObject","inLanguage":"ca","@id":"https:\/\/www.esg.cat\/index.php\/2021\/11\/29\/ampliacio-del-sistema-de-videovigilancia\/#primaryimage","url":"https:\/\/www.esg.cat\/wp-content\/uploads\/2021\/11\/ima-001-CAMP-003-21-ESG.jpg","contentUrl":"https:\/\/www.esg.cat\/wp-content\/uploads\/2021\/11\/ima-001-CAMP-003-21-ESG.jpg","width":1000,"height":1000},{"@type":"BreadcrumbList","@id":"https:\/\/www.esg.cat\/index.php\/2021\/11\/29\/ampliacio-del-sistema-de-videovigilancia\/#breadcrumb","itemListElement":[{"@type":"ListItem","position":1,"name":"Inici","item":"https:\/\/www.esg.cat\/"},{"@type":"ListItem","position":2,"name":"Ampliaci\u00f3 del sistema de videovigil\u00e0ncia"}]},{"@type":"WebSite","@id":"https:\/\/www.esg.cat\/#website","url":"https:\/\/www.esg.cat\/","name":"Electro Servei Grup","description":"Telecomunicacions, seguretat, imatge i so i accessoris","potentialAction":[{"@type":"SearchAction","target":{"@type":"EntryPoint","urlTemplate":"https:\/\/www.esg.cat\/?s={search_term_string}"},"query-input":{"@type":"PropertyValueSpecification","valueRequired":true,"valueName":"search_term_string"}}],"inLanguage":"ca"},{"@type":"Person","@id":"https:\/\/www.esg.cat\/#\/schema\/person\/3e03cfe51bdc3d053ce40f8da1143db8","name":"admin"}]}},"_links":{"self":[{"href":"https:\/\/www.esg.cat\/index.php\/wp-json\/wp\/v2\/posts\/3221","targetHints":{"allow":["GET"]}}],"collection":[{"href":"https:\/\/www.esg.cat\/index.php\/wp-json\/wp\/v2\/posts"}],"about":[{"href":"https:\/\/www.esg.cat\/index.php\/wp-json\/wp\/v2\/types\/post"}],"author":[{"embeddable":true,"href":"https:\/\/www.esg.cat\/index.php\/wp-json\/wp\/v2\/users\/1"}],"replies":[{"embeddable":true,"href":"https:\/\/www.esg.cat\/index.php\/wp-json\/wp\/v2\/comments?post=3221"}],"version-history":[{"count":9,"href":"https:\/\/www.esg.cat\/index.php\/wp-json\/wp\/v2\/posts\/3221\/revisions"}],"predecessor-version":[{"id":3310,"href":"https:\/\/www.esg.cat\/index.php\/wp-json\/wp\/v2\/posts\/3221\/revisions\/3310"}],"wp:featuredmedia":[{"embeddable":true,"href":"https:\/\/www.esg.cat\/index.php\/wp-json\/wp\/v2\/media\/3222"}],"wp:attachment":[{"href":"https:\/\/www.esg.cat\/index.php\/wp-json\/wp\/v2\/media?parent=3221"}],"wp:term":[{"taxonomy":"category","embeddable":true,"href":"https:\/\/www.esg.cat\/index.php\/wp-json\/wp\/v2\/categories?post=3221"},{"taxonomy":"post_tag","embeddable":true,"href":"https:\/\/www.esg.cat\/index.php\/wp-json\/wp\/v2\/tags?post=3221"}],"curies":[{"name":"wp","href":"https:\/\/api.w.org\/{rel}","templated":true}]}}