{"id":3211,"date":"2021-09-20T16:45:58","date_gmt":"2021-09-20T16:45:58","guid":{"rendered":"https:\/\/www.esg.cat\/?p=3211"},"modified":"2023-03-29T14:33:32","modified_gmt":"2023-03-29T14:33:32","slug":"modificacions-a-la-xarxa-i-equipament-informatic-de-sefar","status":"publish","type":"post","link":"https:\/\/www.esg.cat\/index.php\/2021\/09\/20\/modificacions-a-la-xarxa-i-equipament-informatic-de-sefar\/","title":{"rendered":"Modificacions a la xarxa i equipament inform\u00e0tic de Sefar"},"content":{"rendered":"<p>Hem realitzat modificacions a la xarxa i equipament inform\u00e0tic de l&#8217;empresa de Cardedeu\u00a0<span class=\"hiddenSpellError\">Sefar<\/span>, empresa\u00a0<span class=\"hiddenGrammarError\" style=\"padding-bottom: 2px; background-image: url('..\/..\/..\/..\/..\/images\/squiggle.png'); background-repeat: repeat-x; background-position: left bottom; cursor: default; color: #000000; font-family: 'Open Sans', Helvetica, Arial, sans-serif; font-size: 16px; font-style: normal; font-variant-ligatures: normal; font-variant-caps: normal; font-weight: 300; letter-spacing: normal; orphans: 2; text-align: start; text-indent: 0px; text-transform: none; white-space: normal; widows: 2; word-spacing: 0px; -webkit-text-stroke-width: 0px; text-decoration-thickness: initial; text-decoration-style: initial; text-decoration-color: initial;\">lider<\/span>\u00a0en teixits t\u00e8cnics.\u00a0<span class=\"hiddenSpellError\">Sefar<\/span>\u00a0AG produeix teixits de precisi\u00f3, components i productes per a la filtraci\u00f3 &amp; separaci\u00f3 de teixits.<\/p>\n<p><a href=\"https:\/\/www.esg.cat\/wp-content\/uploads\/2021\/09\/Ima-001-CAM-001-21-Sefar.jpg\"><img loading=\"lazy\" decoding=\"async\" class=\"aligncenter wp-image-3213 size-full\" src=\"https:\/\/www.esg.cat\/wp-content\/uploads\/2021\/09\/Ima-001-CAM-001-21-Sefar.jpg\" alt=\"ESG - Sefar - Cardedeu\" width=\"1200\" height=\"1200\" srcset=\"https:\/\/www.esg.cat\/wp-content\/uploads\/2021\/09\/Ima-001-CAM-001-21-Sefar.jpg 1200w, https:\/\/www.esg.cat\/wp-content\/uploads\/2021\/09\/Ima-001-CAM-001-21-Sefar-300x300.jpg 300w, https:\/\/www.esg.cat\/wp-content\/uploads\/2021\/09\/Ima-001-CAM-001-21-Sefar-1030x1030.jpg 1030w, https:\/\/www.esg.cat\/wp-content\/uploads\/2021\/09\/Ima-001-CAM-001-21-Sefar-80x80.jpg 80w, https:\/\/www.esg.cat\/wp-content\/uploads\/2021\/09\/Ima-001-CAM-001-21-Sefar-768x768.jpg 768w, https:\/\/www.esg.cat\/wp-content\/uploads\/2021\/09\/Ima-001-CAM-001-21-Sefar-36x36.jpg 36w, https:\/\/www.esg.cat\/wp-content\/uploads\/2021\/09\/Ima-001-CAM-001-21-Sefar-180x180.jpg 180w, https:\/\/www.esg.cat\/wp-content\/uploads\/2021\/09\/Ima-001-CAM-001-21-Sefar-705x705.jpg 705w, https:\/\/www.esg.cat\/wp-content\/uploads\/2021\/09\/Ima-001-CAM-001-21-Sefar-120x120.jpg 120w, https:\/\/www.esg.cat\/wp-content\/uploads\/2021\/09\/Ima-001-CAM-001-21-Sefar-450x450.jpg 450w\" sizes=\"auto, (max-width: 1200px) 100vw, 1200px\" \/><\/a> <a href=\"https:\/\/www.esg.cat\/wp-content\/uploads\/2021\/09\/Ima-002-CAM-001-21-Sefar.jpg\"><img loading=\"lazy\" decoding=\"async\" class=\"aligncenter wp-image-3214 size-full\" src=\"https:\/\/www.esg.cat\/wp-content\/uploads\/2021\/09\/Ima-002-CAM-001-21-Sefar.jpg\" alt=\"ESG - Sefar - Cardedeu\" width=\"1396\" height=\"1396\" srcset=\"https:\/\/www.esg.cat\/wp-content\/uploads\/2021\/09\/Ima-002-CAM-001-21-Sefar.jpg 1396w, https:\/\/www.esg.cat\/wp-content\/uploads\/2021\/09\/Ima-002-CAM-001-21-Sefar-300x300.jpg 300w, https:\/\/www.esg.cat\/wp-content\/uploads\/2021\/09\/Ima-002-CAM-001-21-Sefar-1030x1030.jpg 1030w, https:\/\/www.esg.cat\/wp-content\/uploads\/2021\/09\/Ima-002-CAM-001-21-Sefar-80x80.jpg 80w, https:\/\/www.esg.cat\/wp-content\/uploads\/2021\/09\/Ima-002-CAM-001-21-Sefar-768x768.jpg 768w, https:\/\/www.esg.cat\/wp-content\/uploads\/2021\/09\/Ima-002-CAM-001-21-Sefar-36x36.jpg 36w, https:\/\/www.esg.cat\/wp-content\/uploads\/2021\/09\/Ima-002-CAM-001-21-Sefar-180x180.jpg 180w, https:\/\/www.esg.cat\/wp-content\/uploads\/2021\/09\/Ima-002-CAM-001-21-Sefar-705x705.jpg 705w, https:\/\/www.esg.cat\/wp-content\/uploads\/2021\/09\/Ima-002-CAM-001-21-Sefar-120x120.jpg 120w, https:\/\/www.esg.cat\/wp-content\/uploads\/2021\/09\/Ima-002-CAM-001-21-Sefar-450x450.jpg 450w\" sizes=\"auto, (max-width: 1396px) 100vw, 1396px\" \/><\/a> <a href=\"https:\/\/www.esg.cat\/wp-content\/uploads\/2021\/09\/Ima-003-CAM-001-21-Sefar.jpg\"><img loading=\"lazy\" decoding=\"async\" class=\"aligncenter wp-image-3215 size-full\" src=\"https:\/\/www.esg.cat\/wp-content\/uploads\/2021\/09\/Ima-003-CAM-001-21-Sefar.jpg\" alt=\"ESG - Sefar - Cardedeu\" width=\"1363\" height=\"1363\" srcset=\"https:\/\/www.esg.cat\/wp-content\/uploads\/2021\/09\/Ima-003-CAM-001-21-Sefar.jpg 1363w, https:\/\/www.esg.cat\/wp-content\/uploads\/2021\/09\/Ima-003-CAM-001-21-Sefar-300x300.jpg 300w, https:\/\/www.esg.cat\/wp-content\/uploads\/2021\/09\/Ima-003-CAM-001-21-Sefar-1030x1030.jpg 1030w, https:\/\/www.esg.cat\/wp-content\/uploads\/2021\/09\/Ima-003-CAM-001-21-Sefar-80x80.jpg 80w, https:\/\/www.esg.cat\/wp-content\/uploads\/2021\/09\/Ima-003-CAM-001-21-Sefar-768x768.jpg 768w, https:\/\/www.esg.cat\/wp-content\/uploads\/2021\/09\/Ima-003-CAM-001-21-Sefar-36x36.jpg 36w, https:\/\/www.esg.cat\/wp-content\/uploads\/2021\/09\/Ima-003-CAM-001-21-Sefar-180x180.jpg 180w, https:\/\/www.esg.cat\/wp-content\/uploads\/2021\/09\/Ima-003-CAM-001-21-Sefar-705x705.jpg 705w, https:\/\/www.esg.cat\/wp-content\/uploads\/2021\/09\/Ima-003-CAM-001-21-Sefar-120x120.jpg 120w, https:\/\/www.esg.cat\/wp-content\/uploads\/2021\/09\/Ima-003-CAM-001-21-Sefar-450x450.jpg 450w\" sizes=\"auto, (max-width: 1363px) 100vw, 1363px\" \/><\/a><\/p>\n","protected":false},"excerpt":{"rendered":"<p>Hem realitzat modificacions a la xarxa i equipament inform\u00e0tic de l&#8217;empresa de Cardedeu\u00a0Sefar, empresa\u00a0lider\u00a0en teixits t\u00e8cnics.\u00a0Sefar\u00a0AG produeix teixits de precisi\u00f3, components i productes per a la filtraci\u00f3 &amp; separaci\u00f3 de teixits.<\/p>\n","protected":false},"author":1,"featured_media":3215,"comment_status":"closed","ping_status":"open","sticky":false,"template":"","format":"standard","meta":{"footnotes":""},"categories":[31],"tags":[33,32,34],"class_list":["post-3211","post","type-post","status-publish","format-standard","has-post-thumbnail","hentry","category-xarxa","tag-cardedeu","tag-sefar","tag-xarxa"],"yoast_head":"<!-- This site is optimized with the Yoast SEO plugin v26.0 - https:\/\/yoast.com\/wordpress\/plugins\/seo\/ -->\n<title>Modificacions a la xarxa i equipament inform\u00e0tic de Sefar - Electro Servei Grup<\/title>\n<meta name=\"description\" content=\"Aquest \u00e9s el sistema de videovigil\u00e0ncia que hem instal\u00b7lat al nou Espai d&#039;Art de Llinars del Vall\u00e8s, un edifici municipal que recentment s&#039;ha rehabilitat com a equipament cultural.Hem realitzat modificacions a la xarxa i equipament inform\u00e0tic de l&#039;empresa de Cardedeu\u00a0Sefar, empresa\u00a0lider\u00a0en teixits t\u00e8cnics.\u00a0Sefar\u00a0AG produeix teixits de precisi\u00f3, components i productes per a la filtraci\u00f3 &amp; separaci\u00f3 de teixits.\" \/>\n<meta name=\"robots\" content=\"index, follow, max-snippet:-1, max-image-preview:large, max-video-preview:-1\" \/>\n<link rel=\"canonical\" href=\"https:\/\/www.esg.cat\/index.php\/2021\/09\/20\/modificacions-a-la-xarxa-i-equipament-informatic-de-sefar\/\" \/>\n<meta property=\"og:locale\" content=\"ca_ES\" \/>\n<meta property=\"og:type\" content=\"article\" \/>\n<meta property=\"og:title\" content=\"Modificacions a la xarxa i equipament inform\u00e0tic de Sefar - Electro Servei Grup\" \/>\n<meta property=\"og:description\" content=\"Aquest \u00e9s el sistema de videovigil\u00e0ncia que hem instal\u00b7lat al nou Espai d&#039;Art de Llinars del Vall\u00e8s, un edifici municipal que recentment s&#039;ha rehabilitat com a equipament cultural.Hem realitzat modificacions a la xarxa i equipament inform\u00e0tic de l&#039;empresa de Cardedeu\u00a0Sefar, empresa\u00a0lider\u00a0en teixits t\u00e8cnics.\u00a0Sefar\u00a0AG produeix teixits de precisi\u00f3, components i productes per a la filtraci\u00f3 &amp; separaci\u00f3 de teixits.\" \/>\n<meta property=\"og:url\" content=\"https:\/\/www.esg.cat\/index.php\/2021\/09\/20\/modificacions-a-la-xarxa-i-equipament-informatic-de-sefar\/\" \/>\n<meta property=\"og:site_name\" content=\"Electro Servei Grup\" \/>\n<meta property=\"article:publisher\" content=\"https:\/\/www.facebook.com\/electroserveigrup\" \/>\n<meta property=\"article:published_time\" content=\"2021-09-20T16:45:58+00:00\" \/>\n<meta property=\"article:modified_time\" content=\"2023-03-29T14:33:32+00:00\" \/>\n<meta property=\"og:image\" content=\"https:\/\/www.esg.cat\/wp-content\/uploads\/2021\/09\/Ima-003-CAM-001-21-Sefar.jpg\" \/>\n\t<meta property=\"og:image:width\" content=\"1363\" \/>\n\t<meta property=\"og:image:height\" content=\"1363\" \/>\n\t<meta property=\"og:image:type\" content=\"image\/jpeg\" \/>\n<meta name=\"author\" content=\"admin\" \/>\n<meta name=\"twitter:card\" content=\"summary_large_image\" \/>\n<meta name=\"twitter:creator\" content=\"@ElectroServeiGr\" \/>\n<meta name=\"twitter:site\" content=\"@ElectroServeiGr\" \/>\n<meta name=\"twitter:label1\" content=\"Escrit per\" \/>\n\t<meta name=\"twitter:data1\" content=\"admin\" \/>\n\t<meta name=\"twitter:label2\" content=\"Temps estimat de lectura\" \/>\n\t<meta name=\"twitter:data2\" content=\"1 minut\" \/>\n<script type=\"application\/ld+json\" class=\"yoast-schema-graph\">{\"@context\":\"https:\/\/schema.org\",\"@graph\":[{\"@type\":\"WebPage\",\"@id\":\"https:\/\/www.esg.cat\/index.php\/2021\/09\/20\/modificacions-a-la-xarxa-i-equipament-informatic-de-sefar\/\",\"url\":\"https:\/\/www.esg.cat\/index.php\/2021\/09\/20\/modificacions-a-la-xarxa-i-equipament-informatic-de-sefar\/\",\"name\":\"Modificacions a la xarxa i equipament inform\u00e0tic de Sefar - Electro Servei Grup\",\"isPartOf\":{\"@id\":\"https:\/\/www.esg.cat\/#website\"},\"primaryImageOfPage\":{\"@id\":\"https:\/\/www.esg.cat\/index.php\/2021\/09\/20\/modificacions-a-la-xarxa-i-equipament-informatic-de-sefar\/#primaryimage\"},\"image\":{\"@id\":\"https:\/\/www.esg.cat\/index.php\/2021\/09\/20\/modificacions-a-la-xarxa-i-equipament-informatic-de-sefar\/#primaryimage\"},\"thumbnailUrl\":\"https:\/\/www.esg.cat\/wp-content\/uploads\/2021\/09\/Ima-003-CAM-001-21-Sefar.jpg\",\"datePublished\":\"2021-09-20T16:45:58+00:00\",\"dateModified\":\"2023-03-29T14:33:32+00:00\",\"author\":{\"@id\":\"https:\/\/www.esg.cat\/#\/schema\/person\/3e03cfe51bdc3d053ce40f8da1143db8\"},\"description\":\"Aquest \u00e9s el sistema de videovigil\u00e0ncia que hem instal\u00b7lat al nou Espai d'Art de Llinars del Vall\u00e8s, un edifici municipal que recentment s'ha rehabilitat com a equipament cultural.Hem realitzat modificacions a la xarxa i equipament inform\u00e0tic de l'empresa de Cardedeu\u00a0Sefar, empresa\u00a0lider\u00a0en teixits t\u00e8cnics.\u00a0Sefar\u00a0AG produeix teixits de precisi\u00f3, components i productes per a la filtraci\u00f3 & separaci\u00f3 de teixits.\",\"breadcrumb\":{\"@id\":\"https:\/\/www.esg.cat\/index.php\/2021\/09\/20\/modificacions-a-la-xarxa-i-equipament-informatic-de-sefar\/#breadcrumb\"},\"inLanguage\":\"ca\",\"potentialAction\":[{\"@type\":\"ReadAction\",\"target\":[\"https:\/\/www.esg.cat\/index.php\/2021\/09\/20\/modificacions-a-la-xarxa-i-equipament-informatic-de-sefar\/\"]}]},{\"@type\":\"ImageObject\",\"inLanguage\":\"ca\",\"@id\":\"https:\/\/www.esg.cat\/index.php\/2021\/09\/20\/modificacions-a-la-xarxa-i-equipament-informatic-de-sefar\/#primaryimage\",\"url\":\"https:\/\/www.esg.cat\/wp-content\/uploads\/2021\/09\/Ima-003-CAM-001-21-Sefar.jpg\",\"contentUrl\":\"https:\/\/www.esg.cat\/wp-content\/uploads\/2021\/09\/Ima-003-CAM-001-21-Sefar.jpg\",\"width\":1363,\"height\":1363,\"caption\":\"ESG - Sefar - Cardedeu\"},{\"@type\":\"BreadcrumbList\",\"@id\":\"https:\/\/www.esg.cat\/index.php\/2021\/09\/20\/modificacions-a-la-xarxa-i-equipament-informatic-de-sefar\/#breadcrumb\",\"itemListElement\":[{\"@type\":\"ListItem\",\"position\":1,\"name\":\"Inici\",\"item\":\"https:\/\/www.esg.cat\/\"},{\"@type\":\"ListItem\",\"position\":2,\"name\":\"Modificacions a la xarxa i equipament inform\u00e0tic de Sefar\"}]},{\"@type\":\"WebSite\",\"@id\":\"https:\/\/www.esg.cat\/#website\",\"url\":\"https:\/\/www.esg.cat\/\",\"name\":\"Electro Servei Grup\",\"description\":\"Telecomunicacions, seguretat, imatge i so i accessoris\",\"potentialAction\":[{\"@type\":\"SearchAction\",\"target\":{\"@type\":\"EntryPoint\",\"urlTemplate\":\"https:\/\/www.esg.cat\/?s={search_term_string}\"},\"query-input\":{\"@type\":\"PropertyValueSpecification\",\"valueRequired\":true,\"valueName\":\"search_term_string\"}}],\"inLanguage\":\"ca\"},{\"@type\":\"Person\",\"@id\":\"https:\/\/www.esg.cat\/#\/schema\/person\/3e03cfe51bdc3d053ce40f8da1143db8\",\"name\":\"admin\"}]}<\/script>\n<!-- \/ Yoast SEO plugin. -->","yoast_head_json":{"title":"Modificacions a la xarxa i equipament inform\u00e0tic de Sefar - Electro Servei Grup","description":"Aquest \u00e9s el sistema de videovigil\u00e0ncia que hem instal\u00b7lat al nou Espai d'Art de Llinars del Vall\u00e8s, un edifici municipal que recentment s'ha rehabilitat com a equipament cultural.Hem realitzat modificacions a la xarxa i equipament inform\u00e0tic de l'empresa de Cardedeu\u00a0Sefar, empresa\u00a0lider\u00a0en teixits t\u00e8cnics.\u00a0Sefar\u00a0AG produeix teixits de precisi\u00f3, components i productes per a la filtraci\u00f3 & separaci\u00f3 de teixits.","robots":{"index":"index","follow":"follow","max-snippet":"max-snippet:-1","max-image-preview":"max-image-preview:large","max-video-preview":"max-video-preview:-1"},"canonical":"https:\/\/www.esg.cat\/index.php\/2021\/09\/20\/modificacions-a-la-xarxa-i-equipament-informatic-de-sefar\/","og_locale":"ca_ES","og_type":"article","og_title":"Modificacions a la xarxa i equipament inform\u00e0tic de Sefar - Electro Servei Grup","og_description":"Aquest \u00e9s el sistema de videovigil\u00e0ncia que hem instal\u00b7lat al nou Espai d'Art de Llinars del Vall\u00e8s, un edifici municipal que recentment s'ha rehabilitat com a equipament cultural.Hem realitzat modificacions a la xarxa i equipament inform\u00e0tic de l'empresa de Cardedeu\u00a0Sefar, empresa\u00a0lider\u00a0en teixits t\u00e8cnics.\u00a0Sefar\u00a0AG produeix teixits de precisi\u00f3, components i productes per a la filtraci\u00f3 & separaci\u00f3 de teixits.","og_url":"https:\/\/www.esg.cat\/index.php\/2021\/09\/20\/modificacions-a-la-xarxa-i-equipament-informatic-de-sefar\/","og_site_name":"Electro Servei Grup","article_publisher":"https:\/\/www.facebook.com\/electroserveigrup","article_published_time":"2021-09-20T16:45:58+00:00","article_modified_time":"2023-03-29T14:33:32+00:00","og_image":[{"width":1363,"height":1363,"url":"https:\/\/www.esg.cat\/wp-content\/uploads\/2021\/09\/Ima-003-CAM-001-21-Sefar.jpg","type":"image\/jpeg"}],"author":"admin","twitter_card":"summary_large_image","twitter_creator":"@ElectroServeiGr","twitter_site":"@ElectroServeiGr","twitter_misc":{"Escrit per":"admin","Temps estimat de lectura":"1 minut"},"schema":{"@context":"https:\/\/schema.org","@graph":[{"@type":"WebPage","@id":"https:\/\/www.esg.cat\/index.php\/2021\/09\/20\/modificacions-a-la-xarxa-i-equipament-informatic-de-sefar\/","url":"https:\/\/www.esg.cat\/index.php\/2021\/09\/20\/modificacions-a-la-xarxa-i-equipament-informatic-de-sefar\/","name":"Modificacions a la xarxa i equipament inform\u00e0tic de Sefar - Electro Servei Grup","isPartOf":{"@id":"https:\/\/www.esg.cat\/#website"},"primaryImageOfPage":{"@id":"https:\/\/www.esg.cat\/index.php\/2021\/09\/20\/modificacions-a-la-xarxa-i-equipament-informatic-de-sefar\/#primaryimage"},"image":{"@id":"https:\/\/www.esg.cat\/index.php\/2021\/09\/20\/modificacions-a-la-xarxa-i-equipament-informatic-de-sefar\/#primaryimage"},"thumbnailUrl":"https:\/\/www.esg.cat\/wp-content\/uploads\/2021\/09\/Ima-003-CAM-001-21-Sefar.jpg","datePublished":"2021-09-20T16:45:58+00:00","dateModified":"2023-03-29T14:33:32+00:00","author":{"@id":"https:\/\/www.esg.cat\/#\/schema\/person\/3e03cfe51bdc3d053ce40f8da1143db8"},"description":"Aquest \u00e9s el sistema de videovigil\u00e0ncia que hem instal\u00b7lat al nou Espai d'Art de Llinars del Vall\u00e8s, un edifici municipal que recentment s'ha rehabilitat com a equipament cultural.Hem realitzat modificacions a la xarxa i equipament inform\u00e0tic de l'empresa de Cardedeu\u00a0Sefar, empresa\u00a0lider\u00a0en teixits t\u00e8cnics.\u00a0Sefar\u00a0AG produeix teixits de precisi\u00f3, components i productes per a la filtraci\u00f3 & separaci\u00f3 de teixits.","breadcrumb":{"@id":"https:\/\/www.esg.cat\/index.php\/2021\/09\/20\/modificacions-a-la-xarxa-i-equipament-informatic-de-sefar\/#breadcrumb"},"inLanguage":"ca","potentialAction":[{"@type":"ReadAction","target":["https:\/\/www.esg.cat\/index.php\/2021\/09\/20\/modificacions-a-la-xarxa-i-equipament-informatic-de-sefar\/"]}]},{"@type":"ImageObject","inLanguage":"ca","@id":"https:\/\/www.esg.cat\/index.php\/2021\/09\/20\/modificacions-a-la-xarxa-i-equipament-informatic-de-sefar\/#primaryimage","url":"https:\/\/www.esg.cat\/wp-content\/uploads\/2021\/09\/Ima-003-CAM-001-21-Sefar.jpg","contentUrl":"https:\/\/www.esg.cat\/wp-content\/uploads\/2021\/09\/Ima-003-CAM-001-21-Sefar.jpg","width":1363,"height":1363,"caption":"ESG - Sefar - Cardedeu"},{"@type":"BreadcrumbList","@id":"https:\/\/www.esg.cat\/index.php\/2021\/09\/20\/modificacions-a-la-xarxa-i-equipament-informatic-de-sefar\/#breadcrumb","itemListElement":[{"@type":"ListItem","position":1,"name":"Inici","item":"https:\/\/www.esg.cat\/"},{"@type":"ListItem","position":2,"name":"Modificacions a la xarxa i equipament inform\u00e0tic de Sefar"}]},{"@type":"WebSite","@id":"https:\/\/www.esg.cat\/#website","url":"https:\/\/www.esg.cat\/","name":"Electro Servei Grup","description":"Telecomunicacions, seguretat, imatge i so i accessoris","potentialAction":[{"@type":"SearchAction","target":{"@type":"EntryPoint","urlTemplate":"https:\/\/www.esg.cat\/?s={search_term_string}"},"query-input":{"@type":"PropertyValueSpecification","valueRequired":true,"valueName":"search_term_string"}}],"inLanguage":"ca"},{"@type":"Person","@id":"https:\/\/www.esg.cat\/#\/schema\/person\/3e03cfe51bdc3d053ce40f8da1143db8","name":"admin"}]}},"_links":{"self":[{"href":"https:\/\/www.esg.cat\/index.php\/wp-json\/wp\/v2\/posts\/3211","targetHints":{"allow":["GET"]}}],"collection":[{"href":"https:\/\/www.esg.cat\/index.php\/wp-json\/wp\/v2\/posts"}],"about":[{"href":"https:\/\/www.esg.cat\/index.php\/wp-json\/wp\/v2\/types\/post"}],"author":[{"embeddable":true,"href":"https:\/\/www.esg.cat\/index.php\/wp-json\/wp\/v2\/users\/1"}],"replies":[{"embeddable":true,"href":"https:\/\/www.esg.cat\/index.php\/wp-json\/wp\/v2\/comments?post=3211"}],"version-history":[{"count":3,"href":"https:\/\/www.esg.cat\/index.php\/wp-json\/wp\/v2\/posts\/3211\/revisions"}],"predecessor-version":[{"id":3311,"href":"https:\/\/www.esg.cat\/index.php\/wp-json\/wp\/v2\/posts\/3211\/revisions\/3311"}],"wp:featuredmedia":[{"embeddable":true,"href":"https:\/\/www.esg.cat\/index.php\/wp-json\/wp\/v2\/media\/3215"}],"wp:attachment":[{"href":"https:\/\/www.esg.cat\/index.php\/wp-json\/wp\/v2\/media?parent=3211"}],"wp:term":[{"taxonomy":"category","embeddable":true,"href":"https:\/\/www.esg.cat\/index.php\/wp-json\/wp\/v2\/categories?post=3211"},{"taxonomy":"post_tag","embeddable":true,"href":"https:\/\/www.esg.cat\/index.php\/wp-json\/wp\/v2\/tags?post=3211"}],"curies":[{"name":"wp","href":"https:\/\/api.w.org\/{rel}","templated":true}]}}