{"id":3195,"date":"2020-10-27T14:34:49","date_gmt":"2020-10-27T14:34:49","guid":{"rendered":"http:\/\/www.esg.cat\/?p=3195"},"modified":"2020-10-27T14:36:36","modified_gmt":"2020-10-27T14:36:36","slug":"sistema-de-videovigilancia-a-lespai-dart-de-llinars-del-valles","status":"publish","type":"post","link":"https:\/\/www.esg.cat\/index.php\/2020\/10\/27\/sistema-de-videovigilancia-a-lespai-dart-de-llinars-del-valles\/","title":{"rendered":"Sistema de videovigil\u00e0ncia a l&#8217;Espai d&#8217;Art de Llinars del Vall\u00e8s"},"content":{"rendered":"<p>Aquest \u00e9s el sistema de videovigil\u00e0ncia que hem instal\u00b7lat al nou Espai d&#8217;Art de Llinars del Vall\u00e8s, un edifici municipal que recentment s&#8217;ha rehabilitat com a equipament cultural. Un total d&#8217;11 c\u00e0meres IP, distribu\u00efdes entre les dues sales d&#8217;exposici\u00f3, que es comuniquen amb l&#8217;aparell enregistrador a trav\u00e9s d&#8217;una xarxa wifi. L&#8217;objectiu, vetllar per la seguretat de les instal\u00b7lacions de manera efica\u00e7, discreta i sense entorpir-hi l&#8217;activitat.<\/p>\n<p><a href=\"http:\/\/www.esg.cat\/wp-content\/uploads\/2020\/10\/Ima-001-CAM-001-19-Museu-Llinars.jpg\"><img loading=\"lazy\" decoding=\"async\" class=\"aligncenter size-full wp-image-3197\" src=\"http:\/\/www.esg.cat\/wp-content\/uploads\/2020\/10\/Ima-001-CAM-001-19-Museu-Llinars.jpg\" alt=\"\" width=\"901\" height=\"901\" srcset=\"https:\/\/www.esg.cat\/wp-content\/uploads\/2020\/10\/Ima-001-CAM-001-19-Museu-Llinars.jpg 901w, https:\/\/www.esg.cat\/wp-content\/uploads\/2020\/10\/Ima-001-CAM-001-19-Museu-Llinars-300x300.jpg 300w, https:\/\/www.esg.cat\/wp-content\/uploads\/2020\/10\/Ima-001-CAM-001-19-Museu-Llinars-80x80.jpg 80w, https:\/\/www.esg.cat\/wp-content\/uploads\/2020\/10\/Ima-001-CAM-001-19-Museu-Llinars-768x768.jpg 768w, https:\/\/www.esg.cat\/wp-content\/uploads\/2020\/10\/Ima-001-CAM-001-19-Museu-Llinars-36x36.jpg 36w, https:\/\/www.esg.cat\/wp-content\/uploads\/2020\/10\/Ima-001-CAM-001-19-Museu-Llinars-180x180.jpg 180w, https:\/\/www.esg.cat\/wp-content\/uploads\/2020\/10\/Ima-001-CAM-001-19-Museu-Llinars-705x705.jpg 705w, https:\/\/www.esg.cat\/wp-content\/uploads\/2020\/10\/Ima-001-CAM-001-19-Museu-Llinars-120x120.jpg 120w, https:\/\/www.esg.cat\/wp-content\/uploads\/2020\/10\/Ima-001-CAM-001-19-Museu-Llinars-450x450.jpg 450w\" sizes=\"auto, (max-width: 901px) 100vw, 901px\" \/><\/a> <a href=\"http:\/\/www.esg.cat\/wp-content\/uploads\/2020\/10\/Ima-002-CAM-001-19-Museu-Llinars.jpg\"><img loading=\"lazy\" decoding=\"async\" class=\"aligncenter size-full wp-image-3198\" src=\"http:\/\/www.esg.cat\/wp-content\/uploads\/2020\/10\/Ima-002-CAM-001-19-Museu-Llinars.jpg\" alt=\"\" width=\"901\" height=\"901\" srcset=\"https:\/\/www.esg.cat\/wp-content\/uploads\/2020\/10\/Ima-002-CAM-001-19-Museu-Llinars.jpg 901w, https:\/\/www.esg.cat\/wp-content\/uploads\/2020\/10\/Ima-002-CAM-001-19-Museu-Llinars-300x300.jpg 300w, https:\/\/www.esg.cat\/wp-content\/uploads\/2020\/10\/Ima-002-CAM-001-19-Museu-Llinars-80x80.jpg 80w, https:\/\/www.esg.cat\/wp-content\/uploads\/2020\/10\/Ima-002-CAM-001-19-Museu-Llinars-768x768.jpg 768w, https:\/\/www.esg.cat\/wp-content\/uploads\/2020\/10\/Ima-002-CAM-001-19-Museu-Llinars-36x36.jpg 36w, https:\/\/www.esg.cat\/wp-content\/uploads\/2020\/10\/Ima-002-CAM-001-19-Museu-Llinars-180x180.jpg 180w, https:\/\/www.esg.cat\/wp-content\/uploads\/2020\/10\/Ima-002-CAM-001-19-Museu-Llinars-705x705.jpg 705w, https:\/\/www.esg.cat\/wp-content\/uploads\/2020\/10\/Ima-002-CAM-001-19-Museu-Llinars-120x120.jpg 120w, https:\/\/www.esg.cat\/wp-content\/uploads\/2020\/10\/Ima-002-CAM-001-19-Museu-Llinars-450x450.jpg 450w\" sizes=\"auto, (max-width: 901px) 100vw, 901px\" \/><\/a> <a href=\"http:\/\/www.esg.cat\/wp-content\/uploads\/2020\/10\/Ima-003-CAM-001-19-Museu-Llinars.jpg\"><img loading=\"lazy\" decoding=\"async\" class=\"aligncenter size-full wp-image-3199\" src=\"http:\/\/www.esg.cat\/wp-content\/uploads\/2020\/10\/Ima-003-CAM-001-19-Museu-Llinars.jpg\" alt=\"\" width=\"901\" height=\"901\" srcset=\"https:\/\/www.esg.cat\/wp-content\/uploads\/2020\/10\/Ima-003-CAM-001-19-Museu-Llinars.jpg 901w, https:\/\/www.esg.cat\/wp-content\/uploads\/2020\/10\/Ima-003-CAM-001-19-Museu-Llinars-300x300.jpg 300w, https:\/\/www.esg.cat\/wp-content\/uploads\/2020\/10\/Ima-003-CAM-001-19-Museu-Llinars-80x80.jpg 80w, https:\/\/www.esg.cat\/wp-content\/uploads\/2020\/10\/Ima-003-CAM-001-19-Museu-Llinars-768x768.jpg 768w, https:\/\/www.esg.cat\/wp-content\/uploads\/2020\/10\/Ima-003-CAM-001-19-Museu-Llinars-36x36.jpg 36w, https:\/\/www.esg.cat\/wp-content\/uploads\/2020\/10\/Ima-003-CAM-001-19-Museu-Llinars-180x180.jpg 180w, https:\/\/www.esg.cat\/wp-content\/uploads\/2020\/10\/Ima-003-CAM-001-19-Museu-Llinars-705x705.jpg 705w, https:\/\/www.esg.cat\/wp-content\/uploads\/2020\/10\/Ima-003-CAM-001-19-Museu-Llinars-120x120.jpg 120w, https:\/\/www.esg.cat\/wp-content\/uploads\/2020\/10\/Ima-003-CAM-001-19-Museu-Llinars-450x450.jpg 450w\" sizes=\"auto, (max-width: 901px) 100vw, 901px\" \/><\/a> <a href=\"http:\/\/www.esg.cat\/wp-content\/uploads\/2020\/10\/Ima-004-CAM-001-19-Museu-Llinars.jpg\"><img loading=\"lazy\" decoding=\"async\" class=\"aligncenter size-full wp-image-3200\" src=\"http:\/\/www.esg.cat\/wp-content\/uploads\/2020\/10\/Ima-004-CAM-001-19-Museu-Llinars.jpg\" alt=\"\" width=\"901\" height=\"901\" srcset=\"https:\/\/www.esg.cat\/wp-content\/uploads\/2020\/10\/Ima-004-CAM-001-19-Museu-Llinars.jpg 901w, https:\/\/www.esg.cat\/wp-content\/uploads\/2020\/10\/Ima-004-CAM-001-19-Museu-Llinars-300x300.jpg 300w, https:\/\/www.esg.cat\/wp-content\/uploads\/2020\/10\/Ima-004-CAM-001-19-Museu-Llinars-80x80.jpg 80w, https:\/\/www.esg.cat\/wp-content\/uploads\/2020\/10\/Ima-004-CAM-001-19-Museu-Llinars-768x768.jpg 768w, https:\/\/www.esg.cat\/wp-content\/uploads\/2020\/10\/Ima-004-CAM-001-19-Museu-Llinars-36x36.jpg 36w, https:\/\/www.esg.cat\/wp-content\/uploads\/2020\/10\/Ima-004-CAM-001-19-Museu-Llinars-180x180.jpg 180w, https:\/\/www.esg.cat\/wp-content\/uploads\/2020\/10\/Ima-004-CAM-001-19-Museu-Llinars-705x705.jpg 705w, https:\/\/www.esg.cat\/wp-content\/uploads\/2020\/10\/Ima-004-CAM-001-19-Museu-Llinars-120x120.jpg 120w, https:\/\/www.esg.cat\/wp-content\/uploads\/2020\/10\/Ima-004-CAM-001-19-Museu-Llinars-450x450.jpg 450w\" sizes=\"auto, (max-width: 901px) 100vw, 901px\" \/><\/a> <a href=\"http:\/\/www.esg.cat\/wp-content\/uploads\/2020\/10\/Ima-005-CAM-001-19-Museu-Llinars.jpg\"><img loading=\"lazy\" decoding=\"async\" class=\"aligncenter size-full wp-image-3201\" src=\"http:\/\/www.esg.cat\/wp-content\/uploads\/2020\/10\/Ima-005-CAM-001-19-Museu-Llinars.jpg\" alt=\"\" width=\"901\" height=\"901\" srcset=\"https:\/\/www.esg.cat\/wp-content\/uploads\/2020\/10\/Ima-005-CAM-001-19-Museu-Llinars.jpg 901w, https:\/\/www.esg.cat\/wp-content\/uploads\/2020\/10\/Ima-005-CAM-001-19-Museu-Llinars-300x300.jpg 300w, https:\/\/www.esg.cat\/wp-content\/uploads\/2020\/10\/Ima-005-CAM-001-19-Museu-Llinars-80x80.jpg 80w, https:\/\/www.esg.cat\/wp-content\/uploads\/2020\/10\/Ima-005-CAM-001-19-Museu-Llinars-768x768.jpg 768w, https:\/\/www.esg.cat\/wp-content\/uploads\/2020\/10\/Ima-005-CAM-001-19-Museu-Llinars-36x36.jpg 36w, https:\/\/www.esg.cat\/wp-content\/uploads\/2020\/10\/Ima-005-CAM-001-19-Museu-Llinars-180x180.jpg 180w, https:\/\/www.esg.cat\/wp-content\/uploads\/2020\/10\/Ima-005-CAM-001-19-Museu-Llinars-705x705.jpg 705w, https:\/\/www.esg.cat\/wp-content\/uploads\/2020\/10\/Ima-005-CAM-001-19-Museu-Llinars-120x120.jpg 120w, https:\/\/www.esg.cat\/wp-content\/uploads\/2020\/10\/Ima-005-CAM-001-19-Museu-Llinars-450x450.jpg 450w\" sizes=\"auto, (max-width: 901px) 100vw, 901px\" \/><\/a> <a href=\"http:\/\/www.esg.cat\/wp-content\/uploads\/2020\/10\/Ima-006-CAM-001-19-Museu-Llinars.jpg\"><img loading=\"lazy\" decoding=\"async\" class=\"aligncenter size-full wp-image-3202\" src=\"http:\/\/www.esg.cat\/wp-content\/uploads\/2020\/10\/Ima-006-CAM-001-19-Museu-Llinars.jpg\" alt=\"\" width=\"901\" height=\"901\" srcset=\"https:\/\/www.esg.cat\/wp-content\/uploads\/2020\/10\/Ima-006-CAM-001-19-Museu-Llinars.jpg 901w, https:\/\/www.esg.cat\/wp-content\/uploads\/2020\/10\/Ima-006-CAM-001-19-Museu-Llinars-300x300.jpg 300w, https:\/\/www.esg.cat\/wp-content\/uploads\/2020\/10\/Ima-006-CAM-001-19-Museu-Llinars-80x80.jpg 80w, https:\/\/www.esg.cat\/wp-content\/uploads\/2020\/10\/Ima-006-CAM-001-19-Museu-Llinars-768x768.jpg 768w, https:\/\/www.esg.cat\/wp-content\/uploads\/2020\/10\/Ima-006-CAM-001-19-Museu-Llinars-36x36.jpg 36w, https:\/\/www.esg.cat\/wp-content\/uploads\/2020\/10\/Ima-006-CAM-001-19-Museu-Llinars-180x180.jpg 180w, https:\/\/www.esg.cat\/wp-content\/uploads\/2020\/10\/Ima-006-CAM-001-19-Museu-Llinars-705x705.jpg 705w, https:\/\/www.esg.cat\/wp-content\/uploads\/2020\/10\/Ima-006-CAM-001-19-Museu-Llinars-120x120.jpg 120w, https:\/\/www.esg.cat\/wp-content\/uploads\/2020\/10\/Ima-006-CAM-001-19-Museu-Llinars-450x450.jpg 450w\" sizes=\"auto, (max-width: 901px) 100vw, 901px\" \/><\/a> <a href=\"http:\/\/www.esg.cat\/wp-content\/uploads\/2020\/10\/Ima-007-CAM-001-19-Museu-Llinars.jpg\"><img loading=\"lazy\" decoding=\"async\" class=\"aligncenter size-full wp-image-3203\" src=\"http:\/\/www.esg.cat\/wp-content\/uploads\/2020\/10\/Ima-007-CAM-001-19-Museu-Llinars.jpg\" alt=\"\" width=\"901\" height=\"901\" srcset=\"https:\/\/www.esg.cat\/wp-content\/uploads\/2020\/10\/Ima-007-CAM-001-19-Museu-Llinars.jpg 901w, https:\/\/www.esg.cat\/wp-content\/uploads\/2020\/10\/Ima-007-CAM-001-19-Museu-Llinars-300x300.jpg 300w, https:\/\/www.esg.cat\/wp-content\/uploads\/2020\/10\/Ima-007-CAM-001-19-Museu-Llinars-80x80.jpg 80w, https:\/\/www.esg.cat\/wp-content\/uploads\/2020\/10\/Ima-007-CAM-001-19-Museu-Llinars-768x768.jpg 768w, https:\/\/www.esg.cat\/wp-content\/uploads\/2020\/10\/Ima-007-CAM-001-19-Museu-Llinars-36x36.jpg 36w, https:\/\/www.esg.cat\/wp-content\/uploads\/2020\/10\/Ima-007-CAM-001-19-Museu-Llinars-180x180.jpg 180w, https:\/\/www.esg.cat\/wp-content\/uploads\/2020\/10\/Ima-007-CAM-001-19-Museu-Llinars-705x705.jpg 705w, https:\/\/www.esg.cat\/wp-content\/uploads\/2020\/10\/Ima-007-CAM-001-19-Museu-Llinars-120x120.jpg 120w, https:\/\/www.esg.cat\/wp-content\/uploads\/2020\/10\/Ima-007-CAM-001-19-Museu-Llinars-450x450.jpg 450w\" sizes=\"auto, (max-width: 901px) 100vw, 901px\" \/><\/a> <a href=\"http:\/\/www.esg.cat\/wp-content\/uploads\/2020\/10\/Ima-008-CAM-001-19-Museu-Llinars.jpg\"><img loading=\"lazy\" decoding=\"async\" class=\"aligncenter size-full wp-image-3204\" src=\"http:\/\/www.esg.cat\/wp-content\/uploads\/2020\/10\/Ima-008-CAM-001-19-Museu-Llinars.jpg\" alt=\"\" width=\"901\" height=\"901\" srcset=\"https:\/\/www.esg.cat\/wp-content\/uploads\/2020\/10\/Ima-008-CAM-001-19-Museu-Llinars.jpg 901w, https:\/\/www.esg.cat\/wp-content\/uploads\/2020\/10\/Ima-008-CAM-001-19-Museu-Llinars-300x300.jpg 300w, https:\/\/www.esg.cat\/wp-content\/uploads\/2020\/10\/Ima-008-CAM-001-19-Museu-Llinars-80x80.jpg 80w, https:\/\/www.esg.cat\/wp-content\/uploads\/2020\/10\/Ima-008-CAM-001-19-Museu-Llinars-768x768.jpg 768w, https:\/\/www.esg.cat\/wp-content\/uploads\/2020\/10\/Ima-008-CAM-001-19-Museu-Llinars-36x36.jpg 36w, https:\/\/www.esg.cat\/wp-content\/uploads\/2020\/10\/Ima-008-CAM-001-19-Museu-Llinars-180x180.jpg 180w, https:\/\/www.esg.cat\/wp-content\/uploads\/2020\/10\/Ima-008-CAM-001-19-Museu-Llinars-705x705.jpg 705w, https:\/\/www.esg.cat\/wp-content\/uploads\/2020\/10\/Ima-008-CAM-001-19-Museu-Llinars-120x120.jpg 120w, https:\/\/www.esg.cat\/wp-content\/uploads\/2020\/10\/Ima-008-CAM-001-19-Museu-Llinars-450x450.jpg 450w\" sizes=\"auto, (max-width: 901px) 100vw, 901px\" \/><\/a><\/p>\n","protected":false},"excerpt":{"rendered":"<p>Aquest \u00e9s el sistema de videovigil\u00e0ncia que hem instal\u00b7lat al nou Espai d&#8217;Art de Llinars del Vall\u00e8s, un edifici municipal que recentment s&#8217;ha rehabilitat com a equipament cultural. Un total d&#8217;11 c\u00e0meres IP, distribu\u00efdes entre les dues sales d&#8217;exposici\u00f3, que es comuniquen amb l&#8217;aparell enregistrador a trav\u00e9s d&#8217;una xarxa wifi. L&#8217;objectiu, vetllar per la seguretat [&hellip;]<\/p>\n","protected":false},"author":1,"featured_media":3197,"comment_status":"closed","ping_status":"open","sticky":false,"template":"","format":"standard","meta":{"footnotes":""},"categories":[4],"tags":[16,12,11],"class_list":["post-3195","post","type-post","status-publish","format-standard","has-post-thumbnail","hentry","category-seguretat","tag-cameres","tag-seguretat","tag-videovigilancia"],"yoast_head":"<!-- This site is optimized with the Yoast SEO plugin v26.0 - https:\/\/yoast.com\/wordpress\/plugins\/seo\/ -->\n<title>Sistema de videovigil\u00e0ncia a l&#039;Espai d&#039;Art de Llinars del Vall\u00e8s - Electro Servei Grup<\/title>\n<meta name=\"description\" content=\"Aquest \u00e9s el sistema de videovigil\u00e0ncia que hem instal\u00b7lat al nou Espai d&#039;Art de Llinars del Vall\u00e8s, un edifici municipal que recentment s&#039;ha rehabilitat com a equipament cultural.\" \/>\n<meta name=\"robots\" content=\"index, follow, max-snippet:-1, max-image-preview:large, max-video-preview:-1\" \/>\n<link rel=\"canonical\" href=\"https:\/\/www.esg.cat\/index.php\/2020\/10\/27\/sistema-de-videovigilancia-a-lespai-dart-de-llinars-del-valles\/\" \/>\n<meta property=\"og:locale\" content=\"ca_ES\" \/>\n<meta property=\"og:type\" content=\"article\" \/>\n<meta property=\"og:title\" content=\"Sistema de videovigil\u00e0ncia a l&#039;Espai d&#039;Art de Llinars del Vall\u00e8s - Electro Servei Grup\" \/>\n<meta property=\"og:description\" content=\"Aquest \u00e9s el sistema de videovigil\u00e0ncia que hem instal\u00b7lat al nou Espai d&#039;Art de Llinars del Vall\u00e8s, un edifici municipal que recentment s&#039;ha rehabilitat com a equipament cultural.\" \/>\n<meta property=\"og:url\" content=\"https:\/\/www.esg.cat\/index.php\/2020\/10\/27\/sistema-de-videovigilancia-a-lespai-dart-de-llinars-del-valles\/\" \/>\n<meta property=\"og:site_name\" content=\"Electro Servei Grup\" \/>\n<meta property=\"article:publisher\" content=\"https:\/\/www.facebook.com\/electroserveigrup\" \/>\n<meta property=\"article:published_time\" content=\"2020-10-27T14:34:49+00:00\" \/>\n<meta property=\"article:modified_time\" content=\"2020-10-27T14:36:36+00:00\" \/>\n<meta property=\"og:image\" content=\"https:\/\/www.esg.cat\/wp-content\/uploads\/2020\/10\/Ima-001-CAM-001-19-Museu-Llinars.jpg\" \/>\n\t<meta property=\"og:image:width\" content=\"901\" \/>\n\t<meta property=\"og:image:height\" content=\"901\" \/>\n\t<meta property=\"og:image:type\" content=\"image\/jpeg\" \/>\n<meta name=\"author\" content=\"admin\" \/>\n<meta name=\"twitter:card\" content=\"summary_large_image\" \/>\n<meta name=\"twitter:creator\" content=\"@ElectroServeiGr\" \/>\n<meta name=\"twitter:site\" content=\"@ElectroServeiGr\" \/>\n<meta name=\"twitter:label1\" content=\"Escrit per\" \/>\n\t<meta name=\"twitter:data1\" content=\"admin\" \/>\n<script type=\"application\/ld+json\" class=\"yoast-schema-graph\">{\"@context\":\"https:\/\/schema.org\",\"@graph\":[{\"@type\":\"WebPage\",\"@id\":\"https:\/\/www.esg.cat\/index.php\/2020\/10\/27\/sistema-de-videovigilancia-a-lespai-dart-de-llinars-del-valles\/\",\"url\":\"https:\/\/www.esg.cat\/index.php\/2020\/10\/27\/sistema-de-videovigilancia-a-lespai-dart-de-llinars-del-valles\/\",\"name\":\"Sistema de videovigil\u00e0ncia a l'Espai d'Art de Llinars del Vall\u00e8s - Electro Servei Grup\",\"isPartOf\":{\"@id\":\"https:\/\/www.esg.cat\/#website\"},\"primaryImageOfPage\":{\"@id\":\"https:\/\/www.esg.cat\/index.php\/2020\/10\/27\/sistema-de-videovigilancia-a-lespai-dart-de-llinars-del-valles\/#primaryimage\"},\"image\":{\"@id\":\"https:\/\/www.esg.cat\/index.php\/2020\/10\/27\/sistema-de-videovigilancia-a-lespai-dart-de-llinars-del-valles\/#primaryimage\"},\"thumbnailUrl\":\"https:\/\/www.esg.cat\/wp-content\/uploads\/2020\/10\/Ima-001-CAM-001-19-Museu-Llinars.jpg\",\"datePublished\":\"2020-10-27T14:34:49+00:00\",\"dateModified\":\"2020-10-27T14:36:36+00:00\",\"author\":{\"@id\":\"https:\/\/www.esg.cat\/#\/schema\/person\/3e03cfe51bdc3d053ce40f8da1143db8\"},\"description\":\"Aquest \u00e9s el sistema de videovigil\u00e0ncia que hem instal\u00b7lat al nou Espai d'Art de Llinars del Vall\u00e8s, un edifici municipal que recentment s'ha rehabilitat com a equipament cultural.\",\"breadcrumb\":{\"@id\":\"https:\/\/www.esg.cat\/index.php\/2020\/10\/27\/sistema-de-videovigilancia-a-lespai-dart-de-llinars-del-valles\/#breadcrumb\"},\"inLanguage\":\"ca\",\"potentialAction\":[{\"@type\":\"ReadAction\",\"target\":[\"https:\/\/www.esg.cat\/index.php\/2020\/10\/27\/sistema-de-videovigilancia-a-lespai-dart-de-llinars-del-valles\/\"]}]},{\"@type\":\"ImageObject\",\"inLanguage\":\"ca\",\"@id\":\"https:\/\/www.esg.cat\/index.php\/2020\/10\/27\/sistema-de-videovigilancia-a-lespai-dart-de-llinars-del-valles\/#primaryimage\",\"url\":\"https:\/\/www.esg.cat\/wp-content\/uploads\/2020\/10\/Ima-001-CAM-001-19-Museu-Llinars.jpg\",\"contentUrl\":\"https:\/\/www.esg.cat\/wp-content\/uploads\/2020\/10\/Ima-001-CAM-001-19-Museu-Llinars.jpg\",\"width\":901,\"height\":901},{\"@type\":\"BreadcrumbList\",\"@id\":\"https:\/\/www.esg.cat\/index.php\/2020\/10\/27\/sistema-de-videovigilancia-a-lespai-dart-de-llinars-del-valles\/#breadcrumb\",\"itemListElement\":[{\"@type\":\"ListItem\",\"position\":1,\"name\":\"Inici\",\"item\":\"https:\/\/www.esg.cat\/\"},{\"@type\":\"ListItem\",\"position\":2,\"name\":\"Sistema de videovigil\u00e0ncia a l&#8217;Espai d&#8217;Art de Llinars del Vall\u00e8s\"}]},{\"@type\":\"WebSite\",\"@id\":\"https:\/\/www.esg.cat\/#website\",\"url\":\"https:\/\/www.esg.cat\/\",\"name\":\"Electro Servei Grup\",\"description\":\"Telecomunicacions, seguretat, imatge i so i accessoris\",\"potentialAction\":[{\"@type\":\"SearchAction\",\"target\":{\"@type\":\"EntryPoint\",\"urlTemplate\":\"https:\/\/www.esg.cat\/?s={search_term_string}\"},\"query-input\":{\"@type\":\"PropertyValueSpecification\",\"valueRequired\":true,\"valueName\":\"search_term_string\"}}],\"inLanguage\":\"ca\"},{\"@type\":\"Person\",\"@id\":\"https:\/\/www.esg.cat\/#\/schema\/person\/3e03cfe51bdc3d053ce40f8da1143db8\",\"name\":\"admin\"}]}<\/script>\n<!-- \/ Yoast SEO plugin. -->","yoast_head_json":{"title":"Sistema de videovigil\u00e0ncia a l'Espai d'Art de Llinars del Vall\u00e8s - Electro Servei Grup","description":"Aquest \u00e9s el sistema de videovigil\u00e0ncia que hem instal\u00b7lat al nou Espai d'Art de Llinars del Vall\u00e8s, un edifici municipal que recentment s'ha rehabilitat com a equipament cultural.","robots":{"index":"index","follow":"follow","max-snippet":"max-snippet:-1","max-image-preview":"max-image-preview:large","max-video-preview":"max-video-preview:-1"},"canonical":"https:\/\/www.esg.cat\/index.php\/2020\/10\/27\/sistema-de-videovigilancia-a-lespai-dart-de-llinars-del-valles\/","og_locale":"ca_ES","og_type":"article","og_title":"Sistema de videovigil\u00e0ncia a l'Espai d'Art de Llinars del Vall\u00e8s - Electro Servei Grup","og_description":"Aquest \u00e9s el sistema de videovigil\u00e0ncia que hem instal\u00b7lat al nou Espai d'Art de Llinars del Vall\u00e8s, un edifici municipal que recentment s'ha rehabilitat com a equipament cultural.","og_url":"https:\/\/www.esg.cat\/index.php\/2020\/10\/27\/sistema-de-videovigilancia-a-lespai-dart-de-llinars-del-valles\/","og_site_name":"Electro Servei Grup","article_publisher":"https:\/\/www.facebook.com\/electroserveigrup","article_published_time":"2020-10-27T14:34:49+00:00","article_modified_time":"2020-10-27T14:36:36+00:00","og_image":[{"width":901,"height":901,"url":"https:\/\/www.esg.cat\/wp-content\/uploads\/2020\/10\/Ima-001-CAM-001-19-Museu-Llinars.jpg","type":"image\/jpeg"}],"author":"admin","twitter_card":"summary_large_image","twitter_creator":"@ElectroServeiGr","twitter_site":"@ElectroServeiGr","twitter_misc":{"Escrit per":"admin"},"schema":{"@context":"https:\/\/schema.org","@graph":[{"@type":"WebPage","@id":"https:\/\/www.esg.cat\/index.php\/2020\/10\/27\/sistema-de-videovigilancia-a-lespai-dart-de-llinars-del-valles\/","url":"https:\/\/www.esg.cat\/index.php\/2020\/10\/27\/sistema-de-videovigilancia-a-lespai-dart-de-llinars-del-valles\/","name":"Sistema de videovigil\u00e0ncia a l'Espai d'Art de Llinars del Vall\u00e8s - Electro Servei Grup","isPartOf":{"@id":"https:\/\/www.esg.cat\/#website"},"primaryImageOfPage":{"@id":"https:\/\/www.esg.cat\/index.php\/2020\/10\/27\/sistema-de-videovigilancia-a-lespai-dart-de-llinars-del-valles\/#primaryimage"},"image":{"@id":"https:\/\/www.esg.cat\/index.php\/2020\/10\/27\/sistema-de-videovigilancia-a-lespai-dart-de-llinars-del-valles\/#primaryimage"},"thumbnailUrl":"https:\/\/www.esg.cat\/wp-content\/uploads\/2020\/10\/Ima-001-CAM-001-19-Museu-Llinars.jpg","datePublished":"2020-10-27T14:34:49+00:00","dateModified":"2020-10-27T14:36:36+00:00","author":{"@id":"https:\/\/www.esg.cat\/#\/schema\/person\/3e03cfe51bdc3d053ce40f8da1143db8"},"description":"Aquest \u00e9s el sistema de videovigil\u00e0ncia que hem instal\u00b7lat al nou Espai d'Art de Llinars del Vall\u00e8s, un edifici municipal que recentment s'ha rehabilitat com a equipament cultural.","breadcrumb":{"@id":"https:\/\/www.esg.cat\/index.php\/2020\/10\/27\/sistema-de-videovigilancia-a-lespai-dart-de-llinars-del-valles\/#breadcrumb"},"inLanguage":"ca","potentialAction":[{"@type":"ReadAction","target":["https:\/\/www.esg.cat\/index.php\/2020\/10\/27\/sistema-de-videovigilancia-a-lespai-dart-de-llinars-del-valles\/"]}]},{"@type":"ImageObject","inLanguage":"ca","@id":"https:\/\/www.esg.cat\/index.php\/2020\/10\/27\/sistema-de-videovigilancia-a-lespai-dart-de-llinars-del-valles\/#primaryimage","url":"https:\/\/www.esg.cat\/wp-content\/uploads\/2020\/10\/Ima-001-CAM-001-19-Museu-Llinars.jpg","contentUrl":"https:\/\/www.esg.cat\/wp-content\/uploads\/2020\/10\/Ima-001-CAM-001-19-Museu-Llinars.jpg","width":901,"height":901},{"@type":"BreadcrumbList","@id":"https:\/\/www.esg.cat\/index.php\/2020\/10\/27\/sistema-de-videovigilancia-a-lespai-dart-de-llinars-del-valles\/#breadcrumb","itemListElement":[{"@type":"ListItem","position":1,"name":"Inici","item":"https:\/\/www.esg.cat\/"},{"@type":"ListItem","position":2,"name":"Sistema de videovigil\u00e0ncia a l&#8217;Espai d&#8217;Art de Llinars del Vall\u00e8s"}]},{"@type":"WebSite","@id":"https:\/\/www.esg.cat\/#website","url":"https:\/\/www.esg.cat\/","name":"Electro Servei Grup","description":"Telecomunicacions, seguretat, imatge i so i accessoris","potentialAction":[{"@type":"SearchAction","target":{"@type":"EntryPoint","urlTemplate":"https:\/\/www.esg.cat\/?s={search_term_string}"},"query-input":{"@type":"PropertyValueSpecification","valueRequired":true,"valueName":"search_term_string"}}],"inLanguage":"ca"},{"@type":"Person","@id":"https:\/\/www.esg.cat\/#\/schema\/person\/3e03cfe51bdc3d053ce40f8da1143db8","name":"admin"}]}},"_links":{"self":[{"href":"https:\/\/www.esg.cat\/index.php\/wp-json\/wp\/v2\/posts\/3195","targetHints":{"allow":["GET"]}}],"collection":[{"href":"https:\/\/www.esg.cat\/index.php\/wp-json\/wp\/v2\/posts"}],"about":[{"href":"https:\/\/www.esg.cat\/index.php\/wp-json\/wp\/v2\/types\/post"}],"author":[{"embeddable":true,"href":"https:\/\/www.esg.cat\/index.php\/wp-json\/wp\/v2\/users\/1"}],"replies":[{"embeddable":true,"href":"https:\/\/www.esg.cat\/index.php\/wp-json\/wp\/v2\/comments?post=3195"}],"version-history":[{"count":3,"href":"https:\/\/www.esg.cat\/index.php\/wp-json\/wp\/v2\/posts\/3195\/revisions"}],"predecessor-version":[{"id":3206,"href":"https:\/\/www.esg.cat\/index.php\/wp-json\/wp\/v2\/posts\/3195\/revisions\/3206"}],"wp:featuredmedia":[{"embeddable":true,"href":"https:\/\/www.esg.cat\/index.php\/wp-json\/wp\/v2\/media\/3197"}],"wp:attachment":[{"href":"https:\/\/www.esg.cat\/index.php\/wp-json\/wp\/v2\/media?parent=3195"}],"wp:term":[{"taxonomy":"category","embeddable":true,"href":"https:\/\/www.esg.cat\/index.php\/wp-json\/wp\/v2\/categories?post=3195"},{"taxonomy":"post_tag","embeddable":true,"href":"https:\/\/www.esg.cat\/index.php\/wp-json\/wp\/v2\/tags?post=3195"}],"curies":[{"name":"wp","href":"https:\/\/api.w.org\/{rel}","templated":true}]}}