{"id":2901,"date":"2019-04-05T15:44:49","date_gmt":"2019-04-05T15:44:49","guid":{"rendered":"http:\/\/www.esg.cat\/?p=2901"},"modified":"2019-04-05T15:44:49","modified_gmt":"2019-04-05T15:44:49","slug":"et-falta-cobertura-a-casa-o-a-la-feina","status":"publish","type":"post","link":"https:\/\/www.esg.cat\/index.php\/2019\/04\/05\/et-falta-cobertura-a-casa-o-a-la-feina\/","title":{"rendered":"Et falta cobertura a casa o a la feina?"},"content":{"rendered":"<p><a href=\"http:\/\/www.esg.cat\/wp-content\/uploads\/2019\/04\/ima-CAM-SM-ESG-009.19-Telecom.jpeg\"><img loading=\"lazy\" decoding=\"async\" class=\"aligncenter size-full wp-image-2902\" src=\"http:\/\/www.esg.cat\/wp-content\/uploads\/2019\/04\/ima-CAM-SM-ESG-009.19-Telecom.jpeg\" alt=\"\" width=\"1000\" height=\"1000\" srcset=\"https:\/\/www.esg.cat\/wp-content\/uploads\/2019\/04\/ima-CAM-SM-ESG-009.19-Telecom.jpeg 1000w, https:\/\/www.esg.cat\/wp-content\/uploads\/2019\/04\/ima-CAM-SM-ESG-009.19-Telecom-80x80.jpeg 80w, https:\/\/www.esg.cat\/wp-content\/uploads\/2019\/04\/ima-CAM-SM-ESG-009.19-Telecom-300x300.jpeg 300w, https:\/\/www.esg.cat\/wp-content\/uploads\/2019\/04\/ima-CAM-SM-ESG-009.19-Telecom-768x768.jpeg 768w, https:\/\/www.esg.cat\/wp-content\/uploads\/2019\/04\/ima-CAM-SM-ESG-009.19-Telecom-36x36.jpeg 36w, https:\/\/www.esg.cat\/wp-content\/uploads\/2019\/04\/ima-CAM-SM-ESG-009.19-Telecom-180x180.jpeg 180w, https:\/\/www.esg.cat\/wp-content\/uploads\/2019\/04\/ima-CAM-SM-ESG-009.19-Telecom-705x705.jpeg 705w, https:\/\/www.esg.cat\/wp-content\/uploads\/2019\/04\/ima-CAM-SM-ESG-009.19-Telecom-120x120.jpeg 120w, https:\/\/www.esg.cat\/wp-content\/uploads\/2019\/04\/ima-CAM-SM-ESG-009.19-Telecom-450x450.jpeg 450w\" sizes=\"auto, (max-width: 1000px) 100vw, 1000px\" \/><\/a>Et falta cobertura a casa o a la feina? Aquest amplificador de senyal Telecom \u00e9s la millor soluci\u00f3 per al teu problema. Un sistema professional amb guany real de cobertura tant de multibanda per a dades d&#8217;internet com de monobanda per a trucades. La instal\u00b7laci\u00f3 \u00e9s discreta i gens invasiva, perqu\u00e8 puguis estar connectat de forma permanent i amb tota comoditat. No ho dubtis m\u00e9s i sol\u00b7licita el teu pressupost.<\/p>\n","protected":false},"excerpt":{"rendered":"<p>Et falta cobertura a casa o a la feina? Aquest amplificador de senyal Telecom \u00e9s la millor soluci\u00f3 per al teu problema. Un sistema professional amb guany real de cobertura tant de multibanda per a dades d&#8217;internet com de monobanda per a trucades. La instal\u00b7laci\u00f3 \u00e9s discreta i gens invasiva, perqu\u00e8 puguis estar connectat de [&hellip;]<\/p>\n","protected":false},"author":1,"featured_media":2902,"comment_status":"closed","ping_status":"open","sticky":false,"template":"","format":"standard","meta":{"footnotes":""},"categories":[3],"tags":[27,28,29,26],"class_list":["post-2901","post","type-post","status-publish","format-standard","has-post-thumbnail","hentry","category-telecomunicacions","tag-amplificador-de-senyal","tag-cobertura","tag-telecom","tag-telecomunicacions"],"yoast_head":"<!-- This site is optimized with the Yoast SEO plugin v26.0 - https:\/\/yoast.com\/wordpress\/plugins\/seo\/ -->\n<title>Et falta cobertura a casa o a la feina? - Electro Servei Grup<\/title>\n<meta name=\"robots\" content=\"index, follow, max-snippet:-1, max-image-preview:large, max-video-preview:-1\" \/>\n<link rel=\"canonical\" href=\"https:\/\/www.esg.cat\/index.php\/2019\/04\/05\/et-falta-cobertura-a-casa-o-a-la-feina\/\" \/>\n<meta property=\"og:locale\" content=\"ca_ES\" \/>\n<meta property=\"og:type\" content=\"article\" \/>\n<meta property=\"og:title\" content=\"Et falta cobertura a casa o a la feina? - Electro Servei Grup\" \/>\n<meta property=\"og:description\" content=\"Et falta cobertura a casa o a la feina? Aquest amplificador de senyal Telecom \u00e9s la millor soluci\u00f3 per al teu problema. Un sistema professional amb guany real de cobertura tant de multibanda per a dades d&#8217;internet com de monobanda per a trucades. La instal\u00b7laci\u00f3 \u00e9s discreta i gens invasiva, perqu\u00e8 puguis estar connectat de [&hellip;]\" \/>\n<meta property=\"og:url\" content=\"https:\/\/www.esg.cat\/index.php\/2019\/04\/05\/et-falta-cobertura-a-casa-o-a-la-feina\/\" \/>\n<meta property=\"og:site_name\" content=\"Electro Servei Grup\" \/>\n<meta property=\"article:publisher\" content=\"https:\/\/www.facebook.com\/electroserveigrup\" \/>\n<meta property=\"article:published_time\" content=\"2019-04-05T15:44:49+00:00\" \/>\n<meta property=\"og:image\" content=\"https:\/\/www.esg.cat\/wp-content\/uploads\/2019\/04\/ima-CAM-SM-ESG-009.19-Telecom.jpeg\" \/>\n\t<meta property=\"og:image:width\" content=\"1000\" \/>\n\t<meta property=\"og:image:height\" content=\"1000\" \/>\n\t<meta property=\"og:image:type\" content=\"image\/jpeg\" \/>\n<meta name=\"author\" content=\"admin\" \/>\n<meta name=\"twitter:card\" content=\"summary_large_image\" \/>\n<meta name=\"twitter:creator\" content=\"@ElectroServeiGr\" \/>\n<meta name=\"twitter:site\" content=\"@ElectroServeiGr\" \/>\n<meta name=\"twitter:label1\" content=\"Escrit per\" \/>\n\t<meta name=\"twitter:data1\" content=\"admin\" \/>\n<script type=\"application\/ld+json\" class=\"yoast-schema-graph\">{\"@context\":\"https:\/\/schema.org\",\"@graph\":[{\"@type\":\"WebPage\",\"@id\":\"https:\/\/www.esg.cat\/index.php\/2019\/04\/05\/et-falta-cobertura-a-casa-o-a-la-feina\/\",\"url\":\"https:\/\/www.esg.cat\/index.php\/2019\/04\/05\/et-falta-cobertura-a-casa-o-a-la-feina\/\",\"name\":\"Et falta cobertura a casa o a la feina? - Electro Servei Grup\",\"isPartOf\":{\"@id\":\"https:\/\/www.esg.cat\/#website\"},\"primaryImageOfPage\":{\"@id\":\"https:\/\/www.esg.cat\/index.php\/2019\/04\/05\/et-falta-cobertura-a-casa-o-a-la-feina\/#primaryimage\"},\"image\":{\"@id\":\"https:\/\/www.esg.cat\/index.php\/2019\/04\/05\/et-falta-cobertura-a-casa-o-a-la-feina\/#primaryimage\"},\"thumbnailUrl\":\"https:\/\/www.esg.cat\/wp-content\/uploads\/2019\/04\/ima-CAM-SM-ESG-009.19-Telecom.jpeg\",\"datePublished\":\"2019-04-05T15:44:49+00:00\",\"author\":{\"@id\":\"https:\/\/www.esg.cat\/#\/schema\/person\/3e03cfe51bdc3d053ce40f8da1143db8\"},\"breadcrumb\":{\"@id\":\"https:\/\/www.esg.cat\/index.php\/2019\/04\/05\/et-falta-cobertura-a-casa-o-a-la-feina\/#breadcrumb\"},\"inLanguage\":\"ca\",\"potentialAction\":[{\"@type\":\"ReadAction\",\"target\":[\"https:\/\/www.esg.cat\/index.php\/2019\/04\/05\/et-falta-cobertura-a-casa-o-a-la-feina\/\"]}]},{\"@type\":\"ImageObject\",\"inLanguage\":\"ca\",\"@id\":\"https:\/\/www.esg.cat\/index.php\/2019\/04\/05\/et-falta-cobertura-a-casa-o-a-la-feina\/#primaryimage\",\"url\":\"https:\/\/www.esg.cat\/wp-content\/uploads\/2019\/04\/ima-CAM-SM-ESG-009.19-Telecom.jpeg\",\"contentUrl\":\"https:\/\/www.esg.cat\/wp-content\/uploads\/2019\/04\/ima-CAM-SM-ESG-009.19-Telecom.jpeg\",\"width\":1000,\"height\":1000},{\"@type\":\"BreadcrumbList\",\"@id\":\"https:\/\/www.esg.cat\/index.php\/2019\/04\/05\/et-falta-cobertura-a-casa-o-a-la-feina\/#breadcrumb\",\"itemListElement\":[{\"@type\":\"ListItem\",\"position\":1,\"name\":\"Inici\",\"item\":\"https:\/\/www.esg.cat\/\"},{\"@type\":\"ListItem\",\"position\":2,\"name\":\"Et falta cobertura a casa o a la feina?\"}]},{\"@type\":\"WebSite\",\"@id\":\"https:\/\/www.esg.cat\/#website\",\"url\":\"https:\/\/www.esg.cat\/\",\"name\":\"Electro Servei Grup\",\"description\":\"Telecomunicacions, seguretat, imatge i so i accessoris\",\"potentialAction\":[{\"@type\":\"SearchAction\",\"target\":{\"@type\":\"EntryPoint\",\"urlTemplate\":\"https:\/\/www.esg.cat\/?s={search_term_string}\"},\"query-input\":{\"@type\":\"PropertyValueSpecification\",\"valueRequired\":true,\"valueName\":\"search_term_string\"}}],\"inLanguage\":\"ca\"},{\"@type\":\"Person\",\"@id\":\"https:\/\/www.esg.cat\/#\/schema\/person\/3e03cfe51bdc3d053ce40f8da1143db8\",\"name\":\"admin\"}]}<\/script>\n<!-- \/ Yoast SEO plugin. -->","yoast_head_json":{"title":"Et falta cobertura a casa o a la feina? - Electro Servei Grup","robots":{"index":"index","follow":"follow","max-snippet":"max-snippet:-1","max-image-preview":"max-image-preview:large","max-video-preview":"max-video-preview:-1"},"canonical":"https:\/\/www.esg.cat\/index.php\/2019\/04\/05\/et-falta-cobertura-a-casa-o-a-la-feina\/","og_locale":"ca_ES","og_type":"article","og_title":"Et falta cobertura a casa o a la feina? - Electro Servei Grup","og_description":"Et falta cobertura a casa o a la feina? Aquest amplificador de senyal Telecom \u00e9s la millor soluci\u00f3 per al teu problema. Un sistema professional amb guany real de cobertura tant de multibanda per a dades d&#8217;internet com de monobanda per a trucades. La instal\u00b7laci\u00f3 \u00e9s discreta i gens invasiva, perqu\u00e8 puguis estar connectat de [&hellip;]","og_url":"https:\/\/www.esg.cat\/index.php\/2019\/04\/05\/et-falta-cobertura-a-casa-o-a-la-feina\/","og_site_name":"Electro Servei Grup","article_publisher":"https:\/\/www.facebook.com\/electroserveigrup","article_published_time":"2019-04-05T15:44:49+00:00","og_image":[{"width":1000,"height":1000,"url":"https:\/\/www.esg.cat\/wp-content\/uploads\/2019\/04\/ima-CAM-SM-ESG-009.19-Telecom.jpeg","type":"image\/jpeg"}],"author":"admin","twitter_card":"summary_large_image","twitter_creator":"@ElectroServeiGr","twitter_site":"@ElectroServeiGr","twitter_misc":{"Escrit per":"admin"},"schema":{"@context":"https:\/\/schema.org","@graph":[{"@type":"WebPage","@id":"https:\/\/www.esg.cat\/index.php\/2019\/04\/05\/et-falta-cobertura-a-casa-o-a-la-feina\/","url":"https:\/\/www.esg.cat\/index.php\/2019\/04\/05\/et-falta-cobertura-a-casa-o-a-la-feina\/","name":"Et falta cobertura a casa o a la feina? - Electro Servei Grup","isPartOf":{"@id":"https:\/\/www.esg.cat\/#website"},"primaryImageOfPage":{"@id":"https:\/\/www.esg.cat\/index.php\/2019\/04\/05\/et-falta-cobertura-a-casa-o-a-la-feina\/#primaryimage"},"image":{"@id":"https:\/\/www.esg.cat\/index.php\/2019\/04\/05\/et-falta-cobertura-a-casa-o-a-la-feina\/#primaryimage"},"thumbnailUrl":"https:\/\/www.esg.cat\/wp-content\/uploads\/2019\/04\/ima-CAM-SM-ESG-009.19-Telecom.jpeg","datePublished":"2019-04-05T15:44:49+00:00","author":{"@id":"https:\/\/www.esg.cat\/#\/schema\/person\/3e03cfe51bdc3d053ce40f8da1143db8"},"breadcrumb":{"@id":"https:\/\/www.esg.cat\/index.php\/2019\/04\/05\/et-falta-cobertura-a-casa-o-a-la-feina\/#breadcrumb"},"inLanguage":"ca","potentialAction":[{"@type":"ReadAction","target":["https:\/\/www.esg.cat\/index.php\/2019\/04\/05\/et-falta-cobertura-a-casa-o-a-la-feina\/"]}]},{"@type":"ImageObject","inLanguage":"ca","@id":"https:\/\/www.esg.cat\/index.php\/2019\/04\/05\/et-falta-cobertura-a-casa-o-a-la-feina\/#primaryimage","url":"https:\/\/www.esg.cat\/wp-content\/uploads\/2019\/04\/ima-CAM-SM-ESG-009.19-Telecom.jpeg","contentUrl":"https:\/\/www.esg.cat\/wp-content\/uploads\/2019\/04\/ima-CAM-SM-ESG-009.19-Telecom.jpeg","width":1000,"height":1000},{"@type":"BreadcrumbList","@id":"https:\/\/www.esg.cat\/index.php\/2019\/04\/05\/et-falta-cobertura-a-casa-o-a-la-feina\/#breadcrumb","itemListElement":[{"@type":"ListItem","position":1,"name":"Inici","item":"https:\/\/www.esg.cat\/"},{"@type":"ListItem","position":2,"name":"Et falta cobertura a casa o a la feina?"}]},{"@type":"WebSite","@id":"https:\/\/www.esg.cat\/#website","url":"https:\/\/www.esg.cat\/","name":"Electro Servei Grup","description":"Telecomunicacions, seguretat, imatge i so i accessoris","potentialAction":[{"@type":"SearchAction","target":{"@type":"EntryPoint","urlTemplate":"https:\/\/www.esg.cat\/?s={search_term_string}"},"query-input":{"@type":"PropertyValueSpecification","valueRequired":true,"valueName":"search_term_string"}}],"inLanguage":"ca"},{"@type":"Person","@id":"https:\/\/www.esg.cat\/#\/schema\/person\/3e03cfe51bdc3d053ce40f8da1143db8","name":"admin"}]}},"_links":{"self":[{"href":"https:\/\/www.esg.cat\/index.php\/wp-json\/wp\/v2\/posts\/2901","targetHints":{"allow":["GET"]}}],"collection":[{"href":"https:\/\/www.esg.cat\/index.php\/wp-json\/wp\/v2\/posts"}],"about":[{"href":"https:\/\/www.esg.cat\/index.php\/wp-json\/wp\/v2\/types\/post"}],"author":[{"embeddable":true,"href":"https:\/\/www.esg.cat\/index.php\/wp-json\/wp\/v2\/users\/1"}],"replies":[{"embeddable":true,"href":"https:\/\/www.esg.cat\/index.php\/wp-json\/wp\/v2\/comments?post=2901"}],"version-history":[{"count":3,"href":"https:\/\/www.esg.cat\/index.php\/wp-json\/wp\/v2\/posts\/2901\/revisions"}],"predecessor-version":[{"id":2905,"href":"https:\/\/www.esg.cat\/index.php\/wp-json\/wp\/v2\/posts\/2901\/revisions\/2905"}],"wp:featuredmedia":[{"embeddable":true,"href":"https:\/\/www.esg.cat\/index.php\/wp-json\/wp\/v2\/media\/2902"}],"wp:attachment":[{"href":"https:\/\/www.esg.cat\/index.php\/wp-json\/wp\/v2\/media?parent=2901"}],"wp:term":[{"taxonomy":"category","embeddable":true,"href":"https:\/\/www.esg.cat\/index.php\/wp-json\/wp\/v2\/categories?post=2901"},{"taxonomy":"post_tag","embeddable":true,"href":"https:\/\/www.esg.cat\/index.php\/wp-json\/wp\/v2\/tags?post=2901"}],"curies":[{"name":"wp","href":"https:\/\/api.w.org\/{rel}","templated":true}]}}