{"id":2865,"date":"2018-07-09T19:07:07","date_gmt":"2018-07-09T19:07:07","guid":{"rendered":"http:\/\/www.esg.cat\/?p=2865"},"modified":"2018-07-09T19:08:08","modified_gmt":"2018-07-09T19:08:08","slug":"cameres-de-vigilancia-en-una-piscina-comunitaria","status":"publish","type":"post","link":"https:\/\/www.esg.cat\/index.php\/2018\/07\/09\/cameres-de-vigilancia-en-una-piscina-comunitaria\/","title":{"rendered":"C\u00e0meres de videovigil\u00e0ncia en una piscina comunit\u00e0ria"},"content":{"rendered":"<p class=\"p1\"><a href=\"http:\/\/www.esg.cat\/wp-content\/uploads\/2018\/07\/PHOTO-2018-06-07-18-58-32.jpg\"><img loading=\"lazy\" decoding=\"async\" class=\"aligncenter size-full wp-image-2868\" src=\"http:\/\/www.esg.cat\/wp-content\/uploads\/2018\/07\/PHOTO-2018-06-07-18-58-32.jpg\" alt=\"ESG-C\u00e0meres-Seguretat-Urbanitzaci\u00f3-Pisicna-Videovigil\u00e0ncia\" width=\"900\" height=\"900\" srcset=\"https:\/\/www.esg.cat\/wp-content\/uploads\/2018\/07\/PHOTO-2018-06-07-18-58-32.jpg 900w, https:\/\/www.esg.cat\/wp-content\/uploads\/2018\/07\/PHOTO-2018-06-07-18-58-32-80x80.jpg 80w, https:\/\/www.esg.cat\/wp-content\/uploads\/2018\/07\/PHOTO-2018-06-07-18-58-32-300x300.jpg 300w, https:\/\/www.esg.cat\/wp-content\/uploads\/2018\/07\/PHOTO-2018-06-07-18-58-32-768x768.jpg 768w, https:\/\/www.esg.cat\/wp-content\/uploads\/2018\/07\/PHOTO-2018-06-07-18-58-32-36x36.jpg 36w, https:\/\/www.esg.cat\/wp-content\/uploads\/2018\/07\/PHOTO-2018-06-07-18-58-32-180x180.jpg 180w, https:\/\/www.esg.cat\/wp-content\/uploads\/2018\/07\/PHOTO-2018-06-07-18-58-32-705x705.jpg 705w, https:\/\/www.esg.cat\/wp-content\/uploads\/2018\/07\/PHOTO-2018-06-07-18-58-32-120x120.jpg 120w, https:\/\/www.esg.cat\/wp-content\/uploads\/2018\/07\/PHOTO-2018-06-07-18-58-32-450x450.jpg 450w\" sizes=\"auto, (max-width: 900px) 100vw, 900px\" \/><\/a>Els lladres no fan vacances. Per aix\u00f2 cal no abaixar mai la gu\u00e0rdia en q\u00fcestions de seguretat, i per aix\u00f2 seguim treballant a ple rendiment aquest estiu. Avui mateix hem instal\u00b7lat aquestes c\u00e0meres en una urbanitzaci\u00f3 del Maresme. L&#8217;objectiu \u00e9s refor\u00e7ar la vigil\u00e0ncia d&#8217;una piscina comunit\u00e0ria, i sobretot assegurar la tranquil\u00b7litat dels seus usuaris.<\/p>\n","protected":false},"excerpt":{"rendered":"<p>Els lladres no fan vacances. Per aix\u00f2 cal no abaixar mai la gu\u00e0rdia en q\u00fcestions de seguretat, i per aix\u00f2 seguim treballant a ple rendiment aquest estiu. Avui mateix hem instal\u00b7lat aquestes c\u00e0meres en una urbanitzaci\u00f3 del Maresme. L&#8217;objectiu \u00e9s refor\u00e7ar la vigil\u00e0ncia d&#8217;una piscina comunit\u00e0ria, i sobretot assegurar la tranquil\u00b7litat dels seus usuaris.<\/p>\n","protected":false},"author":1,"featured_media":2868,"comment_status":"closed","ping_status":"open","sticky":false,"template":"","format":"standard","meta":{"footnotes":""},"categories":[4],"tags":[16,18,12,17,11],"class_list":["post-2865","post","type-post","status-publish","format-standard","has-post-thumbnail","hentry","category-seguretat","tag-cameres","tag-piscina","tag-seguretat","tag-urbanitzacio","tag-videovigilancia"],"yoast_head":"<!-- This site is optimized with the Yoast SEO plugin v26.0 - https:\/\/yoast.com\/wordpress\/plugins\/seo\/ -->\n<title>C\u00e0meres de videovigil\u00e0ncia en una piscina comunit\u00e0ria - Electro Servei Grup<\/title>\n<meta name=\"robots\" content=\"index, follow, max-snippet:-1, max-image-preview:large, max-video-preview:-1\" \/>\n<link rel=\"canonical\" href=\"https:\/\/www.esg.cat\/index.php\/2018\/07\/09\/cameres-de-vigilancia-en-una-piscina-comunitaria\/\" \/>\n<meta property=\"og:locale\" content=\"ca_ES\" \/>\n<meta property=\"og:type\" content=\"article\" \/>\n<meta property=\"og:title\" content=\"C\u00e0meres de videovigil\u00e0ncia en una piscina comunit\u00e0ria - Electro Servei Grup\" \/>\n<meta property=\"og:description\" content=\"Els lladres no fan vacances. Per aix\u00f2 cal no abaixar mai la gu\u00e0rdia en q\u00fcestions de seguretat, i per aix\u00f2 seguim treballant a ple rendiment aquest estiu. Avui mateix hem instal\u00b7lat aquestes c\u00e0meres en una urbanitzaci\u00f3 del Maresme. L&#8217;objectiu \u00e9s refor\u00e7ar la vigil\u00e0ncia d&#8217;una piscina comunit\u00e0ria, i sobretot assegurar la tranquil\u00b7litat dels seus usuaris.\" \/>\n<meta property=\"og:url\" content=\"https:\/\/www.esg.cat\/index.php\/2018\/07\/09\/cameres-de-vigilancia-en-una-piscina-comunitaria\/\" \/>\n<meta property=\"og:site_name\" content=\"Electro Servei Grup\" \/>\n<meta property=\"article:publisher\" content=\"https:\/\/www.facebook.com\/electroserveigrup\" \/>\n<meta property=\"article:published_time\" content=\"2018-07-09T19:07:07+00:00\" \/>\n<meta property=\"article:modified_time\" content=\"2018-07-09T19:08:08+00:00\" \/>\n<meta property=\"og:image\" content=\"https:\/\/www.esg.cat\/wp-content\/uploads\/2018\/07\/PHOTO-2018-06-07-18-58-32.jpg\" \/>\n\t<meta property=\"og:image:width\" content=\"900\" \/>\n\t<meta property=\"og:image:height\" content=\"900\" \/>\n\t<meta property=\"og:image:type\" content=\"image\/jpeg\" \/>\n<meta name=\"author\" content=\"admin\" \/>\n<meta name=\"twitter:card\" content=\"summary_large_image\" \/>\n<meta name=\"twitter:creator\" content=\"@ElectroServeiGr\" \/>\n<meta name=\"twitter:site\" content=\"@ElectroServeiGr\" \/>\n<meta name=\"twitter:label1\" content=\"Escrit per\" \/>\n\t<meta name=\"twitter:data1\" content=\"admin\" \/>\n<script type=\"application\/ld+json\" class=\"yoast-schema-graph\">{\"@context\":\"https:\/\/schema.org\",\"@graph\":[{\"@type\":\"WebPage\",\"@id\":\"https:\/\/www.esg.cat\/index.php\/2018\/07\/09\/cameres-de-vigilancia-en-una-piscina-comunitaria\/\",\"url\":\"https:\/\/www.esg.cat\/index.php\/2018\/07\/09\/cameres-de-vigilancia-en-una-piscina-comunitaria\/\",\"name\":\"C\u00e0meres de videovigil\u00e0ncia en una piscina comunit\u00e0ria - Electro Servei Grup\",\"isPartOf\":{\"@id\":\"https:\/\/www.esg.cat\/#website\"},\"primaryImageOfPage\":{\"@id\":\"https:\/\/www.esg.cat\/index.php\/2018\/07\/09\/cameres-de-vigilancia-en-una-piscina-comunitaria\/#primaryimage\"},\"image\":{\"@id\":\"https:\/\/www.esg.cat\/index.php\/2018\/07\/09\/cameres-de-vigilancia-en-una-piscina-comunitaria\/#primaryimage\"},\"thumbnailUrl\":\"https:\/\/www.esg.cat\/wp-content\/uploads\/2018\/07\/PHOTO-2018-06-07-18-58-32.jpg\",\"datePublished\":\"2018-07-09T19:07:07+00:00\",\"dateModified\":\"2018-07-09T19:08:08+00:00\",\"author\":{\"@id\":\"https:\/\/www.esg.cat\/#\/schema\/person\/3e03cfe51bdc3d053ce40f8da1143db8\"},\"breadcrumb\":{\"@id\":\"https:\/\/www.esg.cat\/index.php\/2018\/07\/09\/cameres-de-vigilancia-en-una-piscina-comunitaria\/#breadcrumb\"},\"inLanguage\":\"ca\",\"potentialAction\":[{\"@type\":\"ReadAction\",\"target\":[\"https:\/\/www.esg.cat\/index.php\/2018\/07\/09\/cameres-de-vigilancia-en-una-piscina-comunitaria\/\"]}]},{\"@type\":\"ImageObject\",\"inLanguage\":\"ca\",\"@id\":\"https:\/\/www.esg.cat\/index.php\/2018\/07\/09\/cameres-de-vigilancia-en-una-piscina-comunitaria\/#primaryimage\",\"url\":\"https:\/\/www.esg.cat\/wp-content\/uploads\/2018\/07\/PHOTO-2018-06-07-18-58-32.jpg\",\"contentUrl\":\"https:\/\/www.esg.cat\/wp-content\/uploads\/2018\/07\/PHOTO-2018-06-07-18-58-32.jpg\",\"width\":900,\"height\":900,\"caption\":\"ESG-C\u00e0meres-Seguretat-Urbanitzaci\u00f3-Pisicna-Videovigil\u00e0ncia\"},{\"@type\":\"BreadcrumbList\",\"@id\":\"https:\/\/www.esg.cat\/index.php\/2018\/07\/09\/cameres-de-vigilancia-en-una-piscina-comunitaria\/#breadcrumb\",\"itemListElement\":[{\"@type\":\"ListItem\",\"position\":1,\"name\":\"Inici\",\"item\":\"https:\/\/www.esg.cat\/\"},{\"@type\":\"ListItem\",\"position\":2,\"name\":\"C\u00e0meres de videovigil\u00e0ncia en una piscina comunit\u00e0ria\"}]},{\"@type\":\"WebSite\",\"@id\":\"https:\/\/www.esg.cat\/#website\",\"url\":\"https:\/\/www.esg.cat\/\",\"name\":\"Electro Servei Grup\",\"description\":\"Telecomunicacions, seguretat, imatge i so i accessoris\",\"potentialAction\":[{\"@type\":\"SearchAction\",\"target\":{\"@type\":\"EntryPoint\",\"urlTemplate\":\"https:\/\/www.esg.cat\/?s={search_term_string}\"},\"query-input\":{\"@type\":\"PropertyValueSpecification\",\"valueRequired\":true,\"valueName\":\"search_term_string\"}}],\"inLanguage\":\"ca\"},{\"@type\":\"Person\",\"@id\":\"https:\/\/www.esg.cat\/#\/schema\/person\/3e03cfe51bdc3d053ce40f8da1143db8\",\"name\":\"admin\"}]}<\/script>\n<!-- \/ Yoast SEO plugin. -->","yoast_head_json":{"title":"C\u00e0meres de videovigil\u00e0ncia en una piscina comunit\u00e0ria - Electro Servei Grup","robots":{"index":"index","follow":"follow","max-snippet":"max-snippet:-1","max-image-preview":"max-image-preview:large","max-video-preview":"max-video-preview:-1"},"canonical":"https:\/\/www.esg.cat\/index.php\/2018\/07\/09\/cameres-de-vigilancia-en-una-piscina-comunitaria\/","og_locale":"ca_ES","og_type":"article","og_title":"C\u00e0meres de videovigil\u00e0ncia en una piscina comunit\u00e0ria - Electro Servei Grup","og_description":"Els lladres no fan vacances. Per aix\u00f2 cal no abaixar mai la gu\u00e0rdia en q\u00fcestions de seguretat, i per aix\u00f2 seguim treballant a ple rendiment aquest estiu. Avui mateix hem instal\u00b7lat aquestes c\u00e0meres en una urbanitzaci\u00f3 del Maresme. L&#8217;objectiu \u00e9s refor\u00e7ar la vigil\u00e0ncia d&#8217;una piscina comunit\u00e0ria, i sobretot assegurar la tranquil\u00b7litat dels seus usuaris.","og_url":"https:\/\/www.esg.cat\/index.php\/2018\/07\/09\/cameres-de-vigilancia-en-una-piscina-comunitaria\/","og_site_name":"Electro Servei Grup","article_publisher":"https:\/\/www.facebook.com\/electroserveigrup","article_published_time":"2018-07-09T19:07:07+00:00","article_modified_time":"2018-07-09T19:08:08+00:00","og_image":[{"width":900,"height":900,"url":"https:\/\/www.esg.cat\/wp-content\/uploads\/2018\/07\/PHOTO-2018-06-07-18-58-32.jpg","type":"image\/jpeg"}],"author":"admin","twitter_card":"summary_large_image","twitter_creator":"@ElectroServeiGr","twitter_site":"@ElectroServeiGr","twitter_misc":{"Escrit per":"admin"},"schema":{"@context":"https:\/\/schema.org","@graph":[{"@type":"WebPage","@id":"https:\/\/www.esg.cat\/index.php\/2018\/07\/09\/cameres-de-vigilancia-en-una-piscina-comunitaria\/","url":"https:\/\/www.esg.cat\/index.php\/2018\/07\/09\/cameres-de-vigilancia-en-una-piscina-comunitaria\/","name":"C\u00e0meres de videovigil\u00e0ncia en una piscina comunit\u00e0ria - Electro Servei Grup","isPartOf":{"@id":"https:\/\/www.esg.cat\/#website"},"primaryImageOfPage":{"@id":"https:\/\/www.esg.cat\/index.php\/2018\/07\/09\/cameres-de-vigilancia-en-una-piscina-comunitaria\/#primaryimage"},"image":{"@id":"https:\/\/www.esg.cat\/index.php\/2018\/07\/09\/cameres-de-vigilancia-en-una-piscina-comunitaria\/#primaryimage"},"thumbnailUrl":"https:\/\/www.esg.cat\/wp-content\/uploads\/2018\/07\/PHOTO-2018-06-07-18-58-32.jpg","datePublished":"2018-07-09T19:07:07+00:00","dateModified":"2018-07-09T19:08:08+00:00","author":{"@id":"https:\/\/www.esg.cat\/#\/schema\/person\/3e03cfe51bdc3d053ce40f8da1143db8"},"breadcrumb":{"@id":"https:\/\/www.esg.cat\/index.php\/2018\/07\/09\/cameres-de-vigilancia-en-una-piscina-comunitaria\/#breadcrumb"},"inLanguage":"ca","potentialAction":[{"@type":"ReadAction","target":["https:\/\/www.esg.cat\/index.php\/2018\/07\/09\/cameres-de-vigilancia-en-una-piscina-comunitaria\/"]}]},{"@type":"ImageObject","inLanguage":"ca","@id":"https:\/\/www.esg.cat\/index.php\/2018\/07\/09\/cameres-de-vigilancia-en-una-piscina-comunitaria\/#primaryimage","url":"https:\/\/www.esg.cat\/wp-content\/uploads\/2018\/07\/PHOTO-2018-06-07-18-58-32.jpg","contentUrl":"https:\/\/www.esg.cat\/wp-content\/uploads\/2018\/07\/PHOTO-2018-06-07-18-58-32.jpg","width":900,"height":900,"caption":"ESG-C\u00e0meres-Seguretat-Urbanitzaci\u00f3-Pisicna-Videovigil\u00e0ncia"},{"@type":"BreadcrumbList","@id":"https:\/\/www.esg.cat\/index.php\/2018\/07\/09\/cameres-de-vigilancia-en-una-piscina-comunitaria\/#breadcrumb","itemListElement":[{"@type":"ListItem","position":1,"name":"Inici","item":"https:\/\/www.esg.cat\/"},{"@type":"ListItem","position":2,"name":"C\u00e0meres de videovigil\u00e0ncia en una piscina comunit\u00e0ria"}]},{"@type":"WebSite","@id":"https:\/\/www.esg.cat\/#website","url":"https:\/\/www.esg.cat\/","name":"Electro Servei Grup","description":"Telecomunicacions, seguretat, imatge i so i accessoris","potentialAction":[{"@type":"SearchAction","target":{"@type":"EntryPoint","urlTemplate":"https:\/\/www.esg.cat\/?s={search_term_string}"},"query-input":{"@type":"PropertyValueSpecification","valueRequired":true,"valueName":"search_term_string"}}],"inLanguage":"ca"},{"@type":"Person","@id":"https:\/\/www.esg.cat\/#\/schema\/person\/3e03cfe51bdc3d053ce40f8da1143db8","name":"admin"}]}},"_links":{"self":[{"href":"https:\/\/www.esg.cat\/index.php\/wp-json\/wp\/v2\/posts\/2865","targetHints":{"allow":["GET"]}}],"collection":[{"href":"https:\/\/www.esg.cat\/index.php\/wp-json\/wp\/v2\/posts"}],"about":[{"href":"https:\/\/www.esg.cat\/index.php\/wp-json\/wp\/v2\/types\/post"}],"author":[{"embeddable":true,"href":"https:\/\/www.esg.cat\/index.php\/wp-json\/wp\/v2\/users\/1"}],"replies":[{"embeddable":true,"href":"https:\/\/www.esg.cat\/index.php\/wp-json\/wp\/v2\/comments?post=2865"}],"version-history":[{"count":3,"href":"https:\/\/www.esg.cat\/index.php\/wp-json\/wp\/v2\/posts\/2865\/revisions"}],"predecessor-version":[{"id":2876,"href":"https:\/\/www.esg.cat\/index.php\/wp-json\/wp\/v2\/posts\/2865\/revisions\/2876"}],"wp:featuredmedia":[{"embeddable":true,"href":"https:\/\/www.esg.cat\/index.php\/wp-json\/wp\/v2\/media\/2868"}],"wp:attachment":[{"href":"https:\/\/www.esg.cat\/index.php\/wp-json\/wp\/v2\/media?parent=2865"}],"wp:term":[{"taxonomy":"category","embeddable":true,"href":"https:\/\/www.esg.cat\/index.php\/wp-json\/wp\/v2\/categories?post=2865"},{"taxonomy":"post_tag","embeddable":true,"href":"https:\/\/www.esg.cat\/index.php\/wp-json\/wp\/v2\/tags?post=2865"}],"curies":[{"name":"wp","href":"https:\/\/api.w.org\/{rel}","templated":true}]}}